{"id":78071,"date":"2020-03-04T04:45:00","date_gmt":"2020-03-04T09:45:00","guid":{"rendered":"https:\/\/linitiative.ca\/International\/fes-tourisme-les-professionnels-misent-sur-le-digital\/"},"modified":"2020-03-04T04:45:00","modified_gmt":"2020-03-04T09:45:00","slug":"fes-tourisme-les-professionnels-misent-sur-le-digital","status":"publish","type":"post","link":"https:\/\/linitiative.ca\/International\/fes-tourisme-les-professionnels-misent-sur-le-digital\/","title":{"rendered":"F\u00e8s-Tourisme: Les professionnels misent sur le digital"},"content":{"rendered":"<p class=\"rtejustify\">L&rsquo;annulation du salon du tourisme de Berlin, ITB, pr\u00e9vu du 4 au 8 mars ne dissuade pas pour autant les professionnels du tourisme de F\u00e8s. Ils sont d\u00e9termin\u00e9s \u00e0 mettre le paquet sur la destination, via la promotion digitale, les sites de voyage, et les agendas culturels.<\/p>\n<p class=\"rtejustify\">\u00abSurtout que nous disposons, \u00e0 travers la m\u00e9dina, d\u2019un v\u00e9ritable patrimoine historique renouvel\u00e9, restaur\u00e9 et mis en valeur, qui offre un voyage in\u00e9dit dans l\u2019histoire\u00bb, indique Aziz Lebbar, pr\u00e9sident du CRT de F\u00e8s. Plus de 2 milliards de DH ont \u00e9t\u00e9 d\u00e9pens\u00e9s pour rendre \u00e0 la ville culturelle, ses souks, ses foundouks, ses tanneries et autres, leurs lettres de noblesse, l\u2019objectif \u00e9tant de pr\u00e9server le cachet \u00abacad\u00e9mique et spirituel\u00bb de F\u00e8s.<\/p>\n<div class=\"dnd-atom-wrapper type-image context-sdl_editor_representation\" contenteditable=\"false\">\n<div class=\"dnd-drop-wrapper\">\n<div class=\"image\"><img loading=\"lazy\" decoding=\"async\" typeof=\"foaf:Image\" class=\"img-responsive\" src=\"https:\/\/www.leconomiste.com\/sites\/default\/files\/eco7\/public\/thumbnails\/image\/fes-tourisme-010.jpg\" width=\"660\" height=\"330\" alt=\"fes-tourisme-010.jpg\" title=\"fes-tourisme-010.jpg\"\/><\/div>\n<\/div>\n<\/div>\n<p class=\"rtejustify\">Malgr\u00e9 les nombreuses annulations de part et d&rsquo;autre \u00e0 travers le monde, les promoteurs d&rsquo;\u00e9v\u00e8nements restent optimistes pour les mois \u00e0 venir. La ville, en tout cas, a \u00e9t\u00e9 choisie pour abriter le Sommet mondial de l&rsquo;Alliance des civilisations pr\u00e9vu du 29 novembre au 2 d\u00e9cembre 2020. C\u2019est ce qu\u2019a annonc\u00e9, derni\u00e8rement, Miguel Angel Moratinos, Haut-Repr\u00e9sentant de l&rsquo;Alliance des civilisations des Nations-Unies (UNAOC).<\/p>\n<p class=\"rtejustify\">La ville de F\u00e8s a \u00e9t\u00e9 retenue eu \u00e9gard \u00ab\u00e0 son caract\u00e8re ancestral et \u00e0 sa symbolique spirituelle\u00bb, argue-t-il, insistant sur \u00abla n\u00e9cessit\u00e9 de sauver la plan\u00e8te, apprendre \u00e0 vivre ensemble, se respecter les uns les autres et \u00e0 comprendre l\u2019existence de diff\u00e9rentes religions, cultures et civilisations\u00bb.<\/p>\n<p class=\"rtejustify\">En tout cas, le Maroc et F\u00e8s incarnent cette vision. La ville avait d\u00e9j\u00e0 accueilli, il y a deux ans, la Conf\u00e9rence internationale sur le dialogue des cultures et des religions, initi\u00e9e par le minist\u00e8re des Affaires \u00e9trang\u00e8res et l\u2019Organisation internationale de la Francophonie (OIF). Dans un message adress\u00e9 aux participants, le Roi avait soulign\u00e9 que \u00able mod\u00e8le marocain affirme une singularit\u00e9 qui lui vient de sa Constitution, de ses r\u00e9alit\u00e9s culturelles, de son histoire mill\u00e9naire\u00bb.<\/p>\n<p class=\"rtejustify\">\u00abIl se caract\u00e9rise par une coexistence profond\u00e9ment enracin\u00e9e, notamment entre Musulmans et Juifs, et atteste d\u2019une ouverture du pays sur les autres confessions\u00bb, a dit SM le Roi, relevant que \u00abce mod\u00e8le unique est le produit de r\u00e9formes profondes visant \u00e0 pr\u00e9munir la soci\u00e9t\u00e9 marocaine contre les risques li\u00e9s \u00e0 l\u2019instrumentalisation id\u00e9ologique de la religion et contre les courants subversifs\u00bb.<\/p>\n<div class=\"dnd-atom-wrapper type-image context-sdl_editor_representation\" contenteditable=\"false\">\n<div class=\"dnd-drop-wrapper\">\n<div class=\"image\"><img loading=\"lazy\" decoding=\"async\" typeof=\"foaf:Image\" class=\"img-responsive\" src=\"https:\/\/www.leconomiste.com\/sites\/default\/files\/eco7\/public\/thumbnails\/image\/fes-tourisme-010_0.jpg\" width=\"800\" height=\"288\" alt=\"fes-tourisme-010.jpg\" title=\"fes-tourisme-010.jpg\"\/><\/div>\n<\/div>\n<\/div>\n<p class=\"rtejustify\">Le Souverain avait not\u00e9 que la tenue de cette conf\u00e9rence au Royaume du Maroc constitue une \u00abreconnaissance, par la communaut\u00e9 internationale, de l\u2019engagement constant de notre pays en faveur du dialogue des cultures et des religions ainsi que de la promotion des valeurs port\u00e9es par ce dialogue\u00bb.<\/p>\n<p class=\"rtejustify\">\u00abC\u2019est \u00e9galement une confirmation du r\u00f4le de pr\u00e9curseur que notre pays a jou\u00e9 en tant que membre fondateur de l\u2019Alliance des civilisations, organisme charg\u00e9 de mobiliser les acteurs nationaux et internationaux autour de la paix et de porter ses valeurs\u00bb, affirmait le Roi. En tout cas, ces valeurs ont \u00e9t\u00e9 toujours port\u00e9es par la ville de F\u00e8s qui accueillait jadis d\u2019illustres savants comme Ibn Khaldoun, Ma\u00efmonide ou encore le pape Sylvestre II.<\/p>\n<p class=\"rtejustify\">Les livres d\u2019histoire d\u00e9crivent cette cohabitation paisible qu\u2019offrait F\u00e8s \u00e0 sa population, qui n\u2019avait pas n\u00e9cessairement la m\u00eame religion ni les m\u00eames croyances, mais qui \u00e9tait surtout \u00abhabit\u00e9e\u00bb par l\u2019\u00e2me de la ville mill\u00e9naire et son savoir-vivre. Aujourd\u2019hui, afin de perp\u00e9tuer le r\u00f4le de F\u00e8s comme haut-lieu du savoir, il a \u00e9t\u00e9 proc\u00e9d\u00e9 \u00e0 la restauration de ses monuments afin de permettre aux habitants et visiteurs de la ville de remonter le temps en tout \u00e9merveillement.<\/p>\n<blockquote readability=\"21\">\n<p class=\"rtecenter\"><strong><span>Les nuit\u00e9es en hausse<\/span><\/strong><\/p>\n<p class=\"rtejustify\">Les nuit\u00e9es touristiques dans les \u00e9tablissements d\u2019h\u00e9bergement class\u00e9s de la ville de F\u00e8s ont connu un accroissement de 2 % en 2019 en comparaison avec l\u2019ann\u00e9e d\u2019avant. Ainsi, les statistiques de l\u2019Observatoire national du tourisme (ONT) font \u00e9tat d\u2019un total de 1.117.579 nuit\u00e9es enregistr\u00e9 au titre de 2019, contre 1.096.721 nuit\u00e9es durant l\u2019ann\u00e9e 2018. Quant aux arriv\u00e9es dans les h\u00f4tels class\u00e9s, elles ont atteint 592.765 en 2019, contre 587.418 durant l\u2019ann\u00e9e 2018, soit une l\u00e9g\u00e8re hausse de 1%. Notons enfin que la dur\u00e9e moyenne de s\u00e9jour durant cette p\u00e9riode \u00e9tait de 2 jours, soit un taux identique \u00e0 celui r\u00e9alis\u00e9 durant l\u2019ann\u00e9e 2018. Ces performances sont dues, entre autres, \u00e0 la hausse enregistr\u00e9e par les principaux march\u00e9s \u00e9metteurs, dont la France, la Chine, l\u2019Italie, les USA, le Royaume-Uni et l\u2019Espagne ainsi que les r\u00e9sidents.<\/p>\n<\/blockquote>\n<p class=\"rtejustify\"><em>De notre correspondant permanent, Youness SAAD ALAMI<\/em><\/p>\n<p>Auteur: hlafriqi<br \/>\n<a href=\"https:\/\/www.leconomiste.com\/article\/1058139-fes-tourisme-les-professionnels-misent-sur-le-digital\">Cliquez ici pour lire l&rsquo;article depuis sa source.<\/a><\/p>\n","protected":false},"excerpt":{"rendered":"<p>L&rsquo;annulation du salon du tourisme de Berlin, ITB, pr\u00e9vu du 4 au 8 mars ne dissuade pas pour autant les professionnels du tourisme de F\u00e8s. Ils sont d\u00e9termin\u00e9s \u00e0 mettre le paquet sur la destination, via la promotion digitale, les sites de voyage, et les agendas culturels. \u00abSurtout que nous disposons, \u00e0 travers la m\u00e9dina, [&hellip;]<\/p>\n","protected":false},"author":1763,"featured_media":78072,"comment_status":"closed","ping_status":"closed","sticky":false,"template":"","format":"standard","meta":{"fifu_image_url":"","fifu_image_alt":"","footnotes":""},"categories":[78,54],"tags":[],"class_list":["post-78071","post","type-post","status-publish","format-standard","has-post-thumbnail","hentry","category-economie","category-maroc"],"_links":{"self":[{"href":"https:\/\/linitiative.ca\/International\/wp-json\/wp\/v2\/posts\/78071","targetHints":{"allow":["GET"]}}],"collection":[{"href":"https:\/\/linitiative.ca\/International\/wp-json\/wp\/v2\/posts"}],"about":[{"href":"https:\/\/linitiative.ca\/International\/wp-json\/wp\/v2\/types\/post"}],"author":[{"embeddable":true,"href":"https:\/\/linitiative.ca\/International\/wp-json\/wp\/v2\/users\/1763"}],"replies":[{"embeddable":true,"href":"https:\/\/linitiative.ca\/International\/wp-json\/wp\/v2\/comments?post=78071"}],"version-history":[{"count":0,"href":"https:\/\/linitiative.ca\/International\/wp-json\/wp\/v2\/posts\/78071\/revisions"}],"wp:featuredmedia":[{"embeddable":true,"href":"https:\/\/linitiative.ca\/International\/wp-json\/"}],"wp:attachment":[{"href":"https:\/\/linitiative.ca\/International\/wp-json\/wp\/v2\/media?parent=78071"}],"wp:term":[{"taxonomy":"category","embeddable":true,"href":"https:\/\/linitiative.ca\/International\/wp-json\/wp\/v2\/categories?post=78071"},{"taxonomy":"post_tag","embeddable":true,"href":"https:\/\/linitiative.ca\/International\/wp-json\/wp\/v2\/tags?post=78071"}],"curies":[{"name":"wp","href":"https:\/\/api.w.org\/{rel}","templated":true}]}}