{"id":78073,"date":"2020-03-04T05:00:00","date_gmt":"2020-03-04T10:00:00","guid":{"rendered":"https:\/\/linitiative.ca\/International\/rotaract-protege-les-demunis-contre-le-froid\/"},"modified":"2020-03-04T05:00:00","modified_gmt":"2020-03-04T10:00:00","slug":"rotaract-protege-les-demunis-contre-le-froid","status":"publish","type":"post","link":"https:\/\/linitiative.ca\/International\/rotaract-protege-les-demunis-contre-le-froid\/","title":{"rendered":"Rotaract prot\u00e8ge les d\u00e9munis contre le froid"},"content":{"rendered":"<div class=\"dnd-atom-wrapper type-image context-sdl_editor_representation\" contenteditable=\"false\">\n<div class=\"dnd-drop-wrapper\">\n<div class=\"image\"><img loading=\"lazy\" decoding=\"async\" typeof=\"foaf:Image\" class=\"img-responsive\" src=\"https:\/\/www.leconomiste.com\/sites\/default\/files\/eco7\/public\/thumbnails\/image\/le-rotaract-ehtp-010.jpg\" width=\"660\" height=\"330\" alt=\"le-rotaract-ehtp-010.jpg\" title=\"le-rotaract-ehtp-010.jpg\"\/><\/div>\n<\/div>\n<\/div>\n<p class=\"rtejustify\">Prot\u00e9ger les habitants des zones montagneuses contre le froid vigoureux de l\u2019hiver et leur permettre par la m\u00eame occasion de vivre dignement du fruit de leur travail. C\u2019est dans cette optique que l\u2019association Rotaract EHTP organise du 3 au 5 avril prochain la sixi\u00e8me \u00e9dition de sa caravane humanitaire \u00abFlambeau d\u2019espoir\u00bb. Une op\u00e9ration qui desservira plusieurs centaines d\u2019habitants de la r\u00e9\u00adgion d\u2019Azilal et dont les effets impacte\u00adront durablement cette population dans le besoin.<\/p>\n<p class=\"rtejustify\">La manifestation, qui b\u00e9n\u00e9ficiera \u00e0 pas moins de 1.300 montagnards du douar Ifri (situ\u00e9 \u00e0 environ 200 kilom\u00e8tres de Mar\u00adrakech), consistera tout d\u2019abord \u00e0 distri\u00adbuer une importante quantit\u00e9 de denr\u00e9es alimentaires et vestimentaires de premi\u00e8re n\u00e9cessit\u00e9.<\/p>\n<p class=\"rtejustify\">\u00abNos \u00e9quipes \u2013 soit pr\u00e8s d\u2019une quarantaine de membres actifs \u2013 apporte\u00adront \u00e0 ces habitants couvertures, farine et v\u00eatements chauds dans l\u2019objectif de sub\u00advenir aux besoins primaires des b\u00e9n\u00e9fi\u00adciaires\u00bb, explique le responsable sponso\u00adring du club Rotaract EHTP Mouaad Ait Saghir.<\/p>\n<p class=\"rtejustify\">\u00abD\u2019autant plus qu\u2019\u00e0 cette \u00e9poque de l\u2019ann\u00e9e, la r\u00e9gion est expos\u00e9e \u00e0 des temp\u00e9ratures particuli\u00e8rement basses, pouvant facilement passer sous la barre du z\u00e9ro degr\u00e9. Des conditions difficiles \u00e0 supporter au quotidien\u00bb, ajoute-t-il. Mais l\u2019aide sera \u00e9galement de nature m\u00e9dicale. Ainsi, des m\u00e9decins g\u00e9n\u00e9ralistes et sp\u00e9\u00adcialistes du CHU de Casablanca seront sp\u00e9cialement mobilis\u00e9s \u00e0 l\u2019occasion. Un personnel qui assurera des consultations gratuites, mais qui fournira aussi les m\u00e9\u00addicaments n\u00e9cessaires au traitement de chaque patient.<\/p>\n<p class=\"rtejustify\">L\u2019accent sera \u00e9galement mis sur l\u2019\u00e9du\u00adcation et l\u2019insertion socio-professionnelle de ces d\u00e9munis sur le long terme. En effet, l\u2019\u00e9v\u00e8nement pr\u00e9voit le r\u00e9am\u00e9na\u00adgement complet de l\u2019\u00e9cole primaire du douar. Objectif: garantir \u00e0 ses habitants des conditions d\u2019enseignement d\u00e9centes.<\/p>\n<p class=\"rtejustify\">Par ailleurs, la caravane aboutira \u00e0 la cr\u00e9ation d\u2019une coop\u00e9rative qui permet\u00adtra de commercialiser les produits issus de leurs activit\u00e9s quotidiennes. \u00abAu sein du douar, hommes et femmes exploitent r\u00e9guli\u00e8rement les ressources naturelles qui s\u2019offrent \u00e0 eux en fabriquant des tapis de laine ou encore en \u00e9levant des mou\u00adtons. Des occupations pouvant ais\u00e9ment g\u00e9n\u00e9rer des revenus stables pour chacun d\u2019entre eux si elles sont efficacement mises en valeur\u00bb, confie le responsable.<\/p>\n<p class=\"rtejustify\">\u00abFlambeau d\u2019espoir\u00bb n\u2019est pas le seul \u00e9v\u00e8nement humanitaire qu\u2019Enactus EHTP a organis\u00e9. Depuis sa cr\u00e9ation, l\u2019associa\u00adtion \u00e0 but non lucratif d\u00e9livre r\u00e9guli\u00e8re\u00adment des distributions de repas gratuits aux sans-abris ainsi que des visites \u00abdu coeur\u00bb au sein d\u2019orphelinats.<\/p>\n<p class=\"rtejustify\"><em>Karim AGOUMI <\/em><\/p>\n<p>Auteur: hlafriqi<br \/>\n<a href=\"https:\/\/www.leconomiste.com\/article\/1058113-rotaract-protege-les-demunis-contre-le-froid\">Cliquez ici pour lire l&rsquo;article depuis sa source.<\/a><\/p>\n","protected":false},"excerpt":{"rendered":"<p>Prot\u00e9ger les habitants des zones montagneuses contre le froid vigoureux de l\u2019hiver et leur permettre par la m\u00eame occasion de vivre dignement du fruit de leur travail. C\u2019est dans cette optique que l\u2019association Rotaract EHTP organise du 3 au 5 avril prochain la sixi\u00e8me \u00e9dition de sa caravane humanitaire \u00abFlambeau d\u2019espoir\u00bb. Une op\u00e9ration qui desservira [&hellip;]<\/p>\n","protected":false},"author":1763,"featured_media":78074,"comment_status":"closed","ping_status":"closed","sticky":false,"template":"","format":"standard","meta":{"fifu_image_url":"","fifu_image_alt":"","footnotes":""},"categories":[78,54],"tags":[],"class_list":["post-78073","post","type-post","status-publish","format-standard","has-post-thumbnail","hentry","category-economie","category-maroc"],"_links":{"self":[{"href":"https:\/\/linitiative.ca\/International\/wp-json\/wp\/v2\/posts\/78073","targetHints":{"allow":["GET"]}}],"collection":[{"href":"https:\/\/linitiative.ca\/International\/wp-json\/wp\/v2\/posts"}],"about":[{"href":"https:\/\/linitiative.ca\/International\/wp-json\/wp\/v2\/types\/post"}],"author":[{"embeddable":true,"href":"https:\/\/linitiative.ca\/International\/wp-json\/wp\/v2\/users\/1763"}],"replies":[{"embeddable":true,"href":"https:\/\/linitiative.ca\/International\/wp-json\/wp\/v2\/comments?post=78073"}],"version-history":[{"count":0,"href":"https:\/\/linitiative.ca\/International\/wp-json\/wp\/v2\/posts\/78073\/revisions"}],"wp:featuredmedia":[{"embeddable":true,"href":"https:\/\/linitiative.ca\/International\/wp-json\/"}],"wp:attachment":[{"href":"https:\/\/linitiative.ca\/International\/wp-json\/wp\/v2\/media?parent=78073"}],"wp:term":[{"taxonomy":"category","embeddable":true,"href":"https:\/\/linitiative.ca\/International\/wp-json\/wp\/v2\/categories?post=78073"},{"taxonomy":"post_tag","embeddable":true,"href":"https:\/\/linitiative.ca\/International\/wp-json\/wp\/v2\/tags?post=78073"}],"curies":[{"name":"wp","href":"https:\/\/api.w.org\/{rel}","templated":true}]}}