{"id":78156,"date":"2020-03-05T09:52:20","date_gmt":"2020-03-05T14:52:20","guid":{"rendered":"https:\/\/linitiative.ca\/International\/un-deuxieme-cas-de-coronavirus-confirme-au-maroc-la-patiente-agee-de-89-ans-est-dans-un-etat-critique\/"},"modified":"2020-03-05T09:52:20","modified_gmt":"2020-03-05T14:52:20","slug":"un-deuxieme-cas-de-coronavirus-confirme-au-maroc-la-patiente-agee-de-89-ans-est-dans-un-etat-critique","status":"publish","type":"post","link":"https:\/\/linitiative.ca\/International\/un-deuxieme-cas-de-coronavirus-confirme-au-maroc-la-patiente-agee-de-89-ans-est-dans-un-etat-critique\/","title":{"rendered":"Un deuxi\u00e8me cas de coronavirus confirm\u00e9 au Maroc : La patiente \u00e2g\u00e9e de 89 ans est dans un \u00e9tat critique"},"content":{"rendered":"<p><img decoding=\"async\" class=\"post_layout_5_img\" src=\"http:\/\/aujourdhui.ma\/wp-content\/uploads\/2020\/03\/coronavirus.jpg?x29840\" alt=\"Un deuxi&#xE8;me cas de coronavirus confirm&#xE9; au Maroc : La patiente &#xE2;g&#xE9;e de 89 ans est dans un &#xE9;tat critique\"\/><\/p>\n<p class=\"p1\"><span class=\"s1\"><span class=\"c4\"><strong>Le Maroc compte \u00e0 pr\u00e9sent deux cas de coronavirus. Le minist\u00e8re de la sant\u00e9 a annonc\u00e9 avoir enregistr\u00e9, mercredi soir, un deuxi\u00e8me cas du nouveau coronavirus qui a \u00e9t\u00e9 confirm\u00e9 au laboratoire de l\u2019Institut Pasteur-Maroc.<\/strong><\/span><\/span> <span id=\"more-335612\"\/><\/p>\n<p class=\"p1\"><span class=\"s1\">Lors d\u2019un point de presse tenu le jeudi 5 mars dans la matin\u00e9e, Mohamed Lyoubi, directeur de l\u2019\u00e9pid\u00e9miologie et de la lutte contre les maladies, a indiqu\u00e9 que le deuxi\u00e8me cas de Covid-19 est une Marocaine \u00e2g\u00e9e de 89 ans qui venait de la ville de Bologne en Italie. Cette femme octog\u00e9naire est rentr\u00e9e au Maroc le 25 f\u00e9vrier par un vol qui a atterri \u00e0 l\u2019a\u00e9roport Mohammed V de Casablanca. A l\u2019instar du premier cas de coronavirus, cette dame ne pr\u00e9sentait aucun sympt\u00f4me du virus \u00e0 son arriv\u00e9e. Ce n\u2019est que par la suite qu\u2019elle a commenc\u00e9 \u00e0 d\u00e9velopper des sympt\u00f4mes \u00e9vocateurs du Covid -19.<\/span><\/p>\n<p class=\"p1\"><span class=\"s1\">Les sympt\u00f4mes respiratoires chez cette octog\u00e9naire sont apparus mardi. Apr\u00e8s l\u2019apparition des premiers signes, elle a appel\u00e9 le num\u00e9ro vert \u00abAllo Yakada\u00bb (0801004747) pour alerter les autorit\u00e9s. Apr\u00e8s pr\u00e9l\u00e8vement, les r\u00e9sultats se sont r\u00e9v\u00e9l\u00e9s positifs.<\/span><\/p>\n<p class=\"p1\"><span class=\"s1\">La confirmation a \u00e9t\u00e9 donn\u00e9e par l\u2019Institut Pasteur vers minuit. Elle est actuellement \u00e0 l\u2019unit\u00e9 d\u2019isolation \u00e0 l\u2019h\u00f4pital Moulay Youssef \u00e0 Casablanca. Selon le Dr Lyoubi, l\u2019\u00e9tat de sant\u00e9 de la dame est critique vu son \u00e2ge et aussi par le fait aussi qu\u2019elle souffre d\u2019une maladie chronique. Il faut savoir que les personnes les plus fragiles au Covid-19 sont les plus \u00e2g\u00e9es, atteintes de pathologies chroniques<\/span><\/p>\n<p class=\"p1\"><span class=\"s1\">Le directeur de l\u2019\u00e9pid\u00e9miologie a \u00e9galement signal\u00e9 que les passagers qui \u00e9taient \u00e0 bord du vol ainsi que les membres de l\u2019\u00e9quipage seront identifi\u00e9s et contact\u00e9s par mesure de pr\u00e9vention. Ce dernier assure que les cas contacts c\u2019est-\u00e0-dire les personnes qui ont \u00e9t\u00e9 en contact avec le cas confirm\u00e9 sont actuellement en train d\u2019\u00eatre list\u00e9s.<br \/>Dans le cadre de la gestion de l\u2019\u00e9pid\u00e9mie de coronavirus, le Maroc se trouve actuellement au stade<\/span> <span class=\"s2\">1<\/span><span class=\"s1\">, c\u2019est-\u00e0-dire qu\u2019il s\u2019agit de freiner l\u2019introduction du virus sur le territoire national.<\/span><\/p>\n<p class=\"p1\"><span class=\"s1\">A ce stade, il s\u2019agit de mobiliser les moyens pour isoler le ou les malades, les d\u00e9tecter rapidement ainsi que les cas contacts. La d\u00e9cision de passer au stade 2, c\u2019est-\u00e0-dire emp\u00eacher que le virus circule activement sur le territoire rel\u00e8ve du Comit\u00e9 national de pilotage. Par ailleurs, le minist\u00e8re de la sant\u00e9 informe que sur les 38 suspects, 2 ont \u00e9t\u00e9 confirm\u00e9s positifs.<\/span><\/p>\n<p class=\"p2\"><strong>Le premier cas en Slov\u00e9nie est arriv\u00e9 du Maroc en passant par l\u2019Italie<\/strong><\/p>\n<p class=\"p1\"><span class=\"s1\">En Slov\u00e9nie, le ministre de la sant\u00e9 Ales Sabeder a indiqu\u00e9 mercredi soir lors d\u2019une conf\u00e9rence de presse que <em>\u00able patient \u00e2g\u00e9 d\u2019environ 60 ans est arriv\u00e9 du Maroc en passant par l\u2019Italie\u00bb<\/em> il y a plusieurs jours. Il est actuellement hospitalis\u00e9 \u00e0 Ljubljana, la capitale. Sa nationalit\u00e9 n\u2019a pas \u00e9t\u00e9 pr\u00e9cis\u00e9e, mais M. Sabeder a indiqu\u00e9 qu\u2019il avait rendu visite <em>\u00ab\u00e0 son m\u00e9decin de famille\u00bb<\/em> avant d\u2019avoir \u00e9t\u00e9 test\u00e9. Selon une porte-parole de l\u2019Institut national de sant\u00e9 publique, les personnes avec lesquelles il a \u00e9t\u00e9 en contact sont actuellement recherch\u00e9es. Au niveau mondial, le virus continue de se propager. 81 pays sont concern\u00e9s avec plus de 93.000 personnes contamin\u00e9es et au moins 3.200 morts. L\u2019Italie, premier foyer europ\u00e9en qui a d\u00e9pass\u00e9 mercredi la barre des 100 morts, a d\u00e9cid\u00e9 de fermer toutes les \u00e9coles et universit\u00e9s. La m\u00eame d\u00e9cision a \u00e9t\u00e9 prise en Iran.\u00a0<\/span><\/p>\n<div class=\"base-box mom_box_sc_custom mom_box_sc clear c6\" readability=\"29\">\n<p class=\"p1\"><span class=\"s1 c5\"><strong>Des mesures de pr\u00e9vention dans les universit\u00e9s<\/strong><\/span><\/p>\n<p class=\"p1\"><span class=\"s1\">Un plan d\u2019action de pr\u00e9vention contre le coronavirus dans les universit\u00e9s a \u00e9t\u00e9 mis en place. L\u2019objectif \u00e9tant d\u2019Informer et sensibiliser les \u00e9tudiants, les enseignants-chercheurs et le personnel administratif et technique \u00e0 ce virus. Il s\u2019agit aussi de renforcer la pr\u00e9vention des infections respiratoires aigu\u00ebs et mettre en place un syst\u00e8me de veille pour les \u00e9tudiants et le personnel revenant des zones o\u00f9 la transmission communautaire du nouveau virus est confirm\u00e9e. Ce plan vise aussi la coordination avec les services du minist\u00e8re de la sant\u00e9, en vue de d\u00e9tecter pr\u00e9cocement des cas et les orienter vers les structures appropri\u00e9es et contribuer \u00e0 contenir la propagation de l\u2019infection au sein des \u00e9tablissements et cit\u00e9s universitaires. Ainsi, des affiches sur les comportements \u00e0 adopter seront coll\u00e9es dans les amphis, les salles de cours, les espaces de circulation des \u00e9tudiants et les espaces sociaux (buvettes, restaurant, internat, dortoirs des cit\u00e9s universitaires, vestiaires, salles de lecture, salles de pri\u00e8re\u2026). Il est aussi pr\u00e9vu des affiches sur les sympt\u00f4mes li\u00e9s \u00e0 l\u2019infection ; des affiches avec les num\u00e9ros de t\u00e9l\u00e9phone et adresses \u00e0 contacter en cas d\u2019identification d\u2019un cas possible de la maladie.<\/span><\/p>\n<p class=\"p1\"><span class=\"s1\">Des s\u00e9ances d\u2019information et de sensibilisation anim\u00e9es par les d\u00e9l\u00e9gations provinciales de la sant\u00e9 sont pr\u00e9vues. Une ligne t\u00e9l\u00e9phonique verte pour les \u00e9tudiants sera mise en place pour ceux souhaitant se renseigner sur les sympt\u00f4mes de la maladie et les mesures \u00e0 prendre. Le personnel charg\u00e9 de r\u00e9pondre \u00e0 ces appels t\u00e9l\u00e9phoniques doit \u00eatre form\u00e9 et encadr\u00e9 par les d\u00e9l\u00e9gations provinciales de la sant\u00e9. Devant tout cas possible, l\u2019universit\u00e9 devra signaler le cas imm\u00e9diatement par t\u00e9l\u00e9phone \u00e0 la d\u00e9l\u00e9gation du minist\u00e8re de la sant\u00e9 concern\u00e9<\/span><span class=\"s2\">e.<\/span><\/p>\n<\/div>\n<p>Auteur: Laila Zerrour<br \/>\n<a href=\"http:\/\/aujourdhui.ma\/societe\/un-deuxieme-cas-de-coronavirus-confirme-au-maroc-la-patiente-agee-de-89-ans-est-dans-un-etat-critique\">Cliquez ici pour lire l&rsquo;article depuis sa source.<\/a><\/p>\n","protected":false},"excerpt":{"rendered":"<p>Le Maroc compte \u00e0 pr\u00e9sent deux cas de coronavirus. Le minist\u00e8re de la sant\u00e9 a annonc\u00e9 avoir enregistr\u00e9, mercredi soir, un deuxi\u00e8me cas du nouveau coronavirus qui a \u00e9t\u00e9 confirm\u00e9 au laboratoire de l\u2019Institut Pasteur-Maroc. Lors d\u2019un point de presse tenu le jeudi 5 mars dans la matin\u00e9e, Mohamed Lyoubi, directeur de l\u2019\u00e9pid\u00e9miologie et de [&hellip;]<\/p>\n","protected":false},"author":1759,"featured_media":0,"comment_status":"closed","ping_status":"closed","sticky":false,"template":"","format":"standard","meta":{"fifu_image_url":"","fifu_image_alt":"","footnotes":""},"categories":[73,54],"tags":[],"class_list":["post-78156","post","type-post","status-publish","format-standard","hentry","category-actualite","category-maroc"],"_links":{"self":[{"href":"https:\/\/linitiative.ca\/International\/wp-json\/wp\/v2\/posts\/78156","targetHints":{"allow":["GET"]}}],"collection":[{"href":"https:\/\/linitiative.ca\/International\/wp-json\/wp\/v2\/posts"}],"about":[{"href":"https:\/\/linitiative.ca\/International\/wp-json\/wp\/v2\/types\/post"}],"author":[{"embeddable":true,"href":"https:\/\/linitiative.ca\/International\/wp-json\/wp\/v2\/users\/1759"}],"replies":[{"embeddable":true,"href":"https:\/\/linitiative.ca\/International\/wp-json\/wp\/v2\/comments?post=78156"}],"version-history":[{"count":0,"href":"https:\/\/linitiative.ca\/International\/wp-json\/wp\/v2\/posts\/78156\/revisions"}],"wp:attachment":[{"href":"https:\/\/linitiative.ca\/International\/wp-json\/wp\/v2\/media?parent=78156"}],"wp:term":[{"taxonomy":"category","embeddable":true,"href":"https:\/\/linitiative.ca\/International\/wp-json\/wp\/v2\/categories?post=78156"},{"taxonomy":"post_tag","embeddable":true,"href":"https:\/\/linitiative.ca\/International\/wp-json\/wp\/v2\/tags?post=78156"}],"curies":[{"name":"wp","href":"https:\/\/api.w.org\/{rel}","templated":true}]}}