{"id":78175,"date":"2020-03-05T09:38:20","date_gmt":"2020-03-05T14:38:20","guid":{"rendered":"https:\/\/linitiative.ca\/International\/hanane-el-moulahi-une-lumiere-despoir-pour-les-personnes-addictives\/"},"modified":"2020-03-05T09:38:20","modified_gmt":"2020-03-05T14:38:20","slug":"hanane-el-moulahi-une-lumiere-despoir-pour-les-personnes-addictives","status":"publish","type":"post","link":"https:\/\/linitiative.ca\/International\/hanane-el-moulahi-une-lumiere-despoir-pour-les-personnes-addictives\/","title":{"rendered":"Hanane El Moulahi, une lumi\u00e8re d\u2019espoir pour les personnes addictives"},"content":{"rendered":"<div readability=\"43\">\n<p>Par Mohamed KOURSI.<br \/>Marrakech- Une simple tourn\u00e9e au coeur du quartier El Mellah, dans l\u2019ancienne m\u00e9dina de Marrakech, qui abrite le Centre d\u2019Addictologie, inaugur\u00e9 par SM le Roi Mohammed VI en f\u00e9vrier 2019, est largement suffisante pour constater, si besoin est, le grand \u00e9cho combien favorable suscit\u00e9 par les actions soutenues et inlassables men\u00e9es par les membres de l\u2019Association \u00ab\u00a0Baraka Idman\u00a0\u00bb, charg\u00e9e de la gestion de cet important \u00e9difice, dont Mme Hanane El Moulahi assure la pr\u00e9sidence du p\u00f4le d\u2019accompagnement social.<\/p>\n<\/div>\n<div readability=\"165\">\n<p>En effet, du haut de ses 30 ans, Mme El Moulahi, \u00e9galement pr\u00e9sidente de l\u2019Association \u00ab\u00a0Baraka Idman\u00a0\u00bb, a su, \u00e0 la faveur de son d\u00e9vouement, de sa disponibilit\u00e9 et de son sens de l\u2019\u00e9coute, gagner les c\u0153urs de ces jeunes addictifs et forcer le respect de l\u2019ensemble des habitants de ce quartier populaire o\u00f9 se dresse ce centre d\u2019une extr\u00eame importance.<\/p>\n<p>Cet engagement infaillible en faveur de l\u2019accompagnement et de l\u2019assistance de ces personnes vuln\u00e9rables \u00e0 comportements addictifs, tous \u00e2ges et cat\u00e9gories sociales confondus, en vue de faciliter leur r\u00e9insertion dans la vie normale, a fait de cette jeune militante au grand c\u0153ur, une source d\u2019inspiration pour d\u2019autres femmes \u00e0 m\u00eame de devenir une v\u00e9ritable \u00ab\u00a0ic\u00f4ne\u00a0\u00bb de la sc\u00e8ne associative \u00e0 l\u2019\u00e9chelle locale, en particulier, et r\u00e9gionale, en g\u00e9n\u00e9ral.<\/p>\n<p>Toutefois, derri\u00e8re les yeux toujours brillants et pleins d\u2019optimisme et le sourire permanent de \u00ab\u00a0Mama Hanane\u00a0\u00bb, comme il pla\u00eet \u00e0 \u00ab\u00a0ses fils\u00a0\u00bb parmi les b\u00e9n\u00e9ficiaires des prestations du Centre de l\u2019appeler, se cache une exp\u00e9rience douloureuse v\u00e9cue d\u00e8s l\u2019\u00e2ge de 13 ans, suite au d\u00e9c\u00e8s d\u2019un de ses amis et d\u2019un de ses proches \u00e0 cause de l\u2019addiction.<\/p>\n<p>Arriv\u00e9e \u00e0\u00a0Marrakech\u00a0\u00e0 l\u2019\u00e2ge de 19 ans o\u00f9 elle a exerc\u00e9 plusieurs m\u00e9tiers, notamment dans le domaine m\u00e9dical, tout en veillant \u00e0 poursuivre ses \u00e9tudes, cette femme, issue de la ville de Safi, a d\u00e9cid\u00e9 de faire sien le combat d\u2019aider ces personnes addictives \u00e0 reprendre confiance en elles, \u00e0 maintenir vive la flamme de l\u2019espoir et \u00e0 tisser de nouvelles relations sociales \u00e0 m\u00eame de faciliter leur retour \u00e0 une vie des plus normales, tout en se donnant \u00e0 fond, afin de partager son message en faveur de ces \u00ab\u00a0patients si particuliers\u00a0\u00bb.<\/p>\n<p>Devenue une v\u00e9ritable r\u00e9f\u00e9rence de la sc\u00e8ne associative \u00e0 l\u2019\u00e9chelle locale et r\u00e9gionale, \u00ab\u00a0Mama Hanane\u00a0\u00bb est l\u2019incarnation \u00e9loquente des valeurs humaines, de solidarit\u00e9 et d\u2019\u00e9coute de l\u2019autre en situation difficile. Elle a le m\u00e9rite de s\u2019investir malgr\u00e9 toutes les contraintes dans un domaine aussi sensible, eu \u00e9gard \u00e0 la \u00ab\u00a0nature\u00a0\u00bb des personnes aux conduites addictives avec qui elle est en contact quotidiennement.<\/p>\n<p>Alors qu\u2019elle exer\u00e7ait en tant qu\u2019assistante m\u00e9dicale \u00e0 bord d\u2019une ambulance, un m\u00e9tier qui exige parfois, en cas d\u2019urgence, de quitter sa maison tr\u00e8s t\u00f4t le matin, Mme El Moulahi a \u00e9t\u00e9 victime d\u2019une agression de la part de personnes addictives.<\/p>\n<p>\u00ab\u00a0Les s\u00e9quelles de ce drame que j\u2019ai v\u00e9cu, d\u00e8s mon jeune \u00e2ge, ainsi que la perte cruelle de mon ami et de l\u2019un de mes proches ont s\u00e9rieusement marqu\u00e9 ma m\u00e9moire et ma vie\u00a0\u00bb, a-t-elle confi\u00e9 \u00e0 la MAP. D\u2019o\u00f9 l\u2019id\u00e9e de la cr\u00e9ation, en 2015, de l\u2019Association \u00ab\u00a0Barak Idman\u00a0\u00bb avec le concours de personnes motiv\u00e9es et anim\u00e9es par le m\u00eame souci et la volont\u00e9 de contribuer aux actions de lutte contre les conduites addictives et de pr\u00e9vention de la consommation de drogues, notamment dans les rangs des jeunes en herbe et des adolescents.<\/p>\n<p>\u00ab\u00a0Cette exp\u00e9rience a constitu\u00e9 un v\u00e9ritable d\u00e9clic dans ma vie, en ce sens que j\u2019\u00e9tais fermement convaincue que l\u2019action associative est l\u2019espace propice et le cadre idoine pour la r\u00e9alisation de nombre de mes r\u00eaves et aspirations\u00a0\u00bb, a soulign\u00e9 Mme El Moulahi qui, en plus de son engagement ind\u00e9fectible dans le domaine associatif, est \u00e9galement l\u2019exemple de la femme entrepreneure puisqu\u2019elle pr\u00e9side aussi une entreprise op\u00e9rant en \u00e9v\u00e9nementiel dans la cit\u00e9 ocre.<\/p>\n<p>Mettant en avant le bilan positif de l\u2019action men\u00e9e par le Centre, une ann\u00e9e apr\u00e8s son ouverture, ainsi que les efforts soutenus et la mobilisation constante du personnel de l\u2019Association et dudit Centre pour mener \u00e0 bien cette noble mission, elle a pr\u00e9cis\u00e9 que le nombre des b\u00e9n\u00e9ficiaires de la prise en charge m\u00e9dicale et sociale, assur\u00e9e par l\u2019\u00e9tablissement jusqu\u2019\u00e0 d\u00e9cembre dernier, s\u2019\u00e9levait \u00e0 290 personnes addictives, alors que plus de 5.000 personnes, toutes cat\u00e9gories d\u2019\u00e2ge confondues, ont b\u00e9n\u00e9fici\u00e9 de s\u00e9ances de sensibilisation, men\u00e9es chaque vendredi par une unit\u00e9 mobile au sein de la m\u00e9dina de\u00a0Marrakech, et chaque mercredi dans les \u00e9tablissements scolaires.<\/p>\n<p>La pr\u00e9sidente de \u00ab\u00a0Baraka Idman\u00a0\u00bb a tenu \u00e0 affirmer que la d\u00e9cision de la Fondation Mohammed V pour la Solidarit\u00e9 de conf\u00e9rer la gestion de cet \u00e9difice d\u2019envergure a marqu\u00e9 un \u00ab\u00a0r\u00e9el tournant\u00a0\u00bb dans \u00ab\u00a0la vie et l\u2019action\u00a0\u00bb de cette jeune association \u00ab\u00a0honor\u00e9e\u00a0\u00bb par la noble mission qui lui a \u00e9t\u00e9 confi\u00e9e.<\/p>\n<p>Cette \u00ab\u00a0distinction\u00a0\u00bb, a-t-elle encha\u00een\u00e9, a \u00e9t\u00e9 \u00ab\u00a0une source\u00a0\u00bb de davantage de motivation, de d\u00e9termination et d\u2019enthousiasme pour l\u2019ensemble du staff de l\u2019association pour aller de l\u2019avant, pers\u00e9v\u00e9rer et intensifier les efforts et les initiatives afin de r\u00e9aliser les objectifs escompt\u00e9s.<\/p>\n<p>Pour Mme El Moulahi, qui est actuellement professeure permanente en sciences de la sant\u00e9, la personne addictive \u00ab\u00a0doit \u00eatre per\u00e7ue comme une personne \u00e0 besoin sp\u00e9cifique et tr\u00e8s vuln\u00e9rable\u00a0\u00bb, et par cons\u00e9quent, a-t-elle dit, l\u2019addiction \u00ab\u00a0doit \u00eatre consid\u00e9r\u00e9e comme toute autre maladie, qui a un rem\u00e8de et n\u00e9cessite un accompagnement m\u00e9dical\u00a0\u00bb.<\/p>\n<p>\u00ab\u00a0Notre objectif au niveau du Centre d\u2019addictologie d\u2019El Mellah n\u2019est pas seulement de r\u00e9duire la consommation de drogues, mais aussi d\u2019att\u00e9nuer les risques et r\u00e9actions li\u00e9s \u00e0 la conduite addictive\u00a0\u00bb, a-t-elle expliqu\u00e9 avant de conclure en lan\u00e7ant un appel du c\u0153ur \u00e0 davantage d\u2019int\u00e9r\u00eat et d\u2019attention \u00e0 l\u2019\u00e9gard des b\u00e9n\u00e9ficiaires des actions de ces Centres, en termes de traitement m\u00e9dical et de formation, et \u00e0 la multiplication de ce genre d\u2019\u00e9tablissements au niveau de la r\u00e9gion de\u00a0Marrakech-Safi et \u00e0 l\u2019\u00e9chelle nationale, pour assurer une meilleure prise en charge individualis\u00e9e, m\u00e9dicale et sociale, des personnes souffrant d\u2019un comportement addictif, et \u0153uvrer en faveur d\u2019une implication effective des familles dans les actions de pr\u00e9vention.<\/p>\n<\/div>\n<p>Auteur: Mohammed KOURSI<br \/>\n<a href=\"http:\/\/www.mapmarrakech.ma\/fr\/hanane-el-moulahi-une-actrice-associative-au-chevet-des-personnes-addictives\/\">Cliquez ici pour lire l&rsquo;article depuis sa source.<\/a><\/p>\n","protected":false},"excerpt":{"rendered":"<p>Par Mohamed KOURSI.Marrakech- Une simple tourn\u00e9e au coeur du quartier El Mellah, dans l\u2019ancienne m\u00e9dina de Marrakech, qui abrite le Centre d\u2019Addictologie, inaugur\u00e9 par SM le Roi Mohammed VI en f\u00e9vrier 2019, est largement suffisante pour constater, si besoin est, le grand \u00e9cho combien favorable suscit\u00e9 par les actions soutenues et inlassables men\u00e9es par les [&hellip;]<\/p>\n","protected":false},"author":1788,"featured_media":0,"comment_status":"closed","ping_status":"closed","sticky":false,"template":"","format":"standard","meta":{"fifu_image_url":"","fifu_image_alt":"","footnotes":""},"categories":[54,76],"tags":[],"class_list":["post-78175","post","type-post","status-publish","format-standard","hentry","category-maroc","category-regions"],"_links":{"self":[{"href":"https:\/\/linitiative.ca\/International\/wp-json\/wp\/v2\/posts\/78175","targetHints":{"allow":["GET"]}}],"collection":[{"href":"https:\/\/linitiative.ca\/International\/wp-json\/wp\/v2\/posts"}],"about":[{"href":"https:\/\/linitiative.ca\/International\/wp-json\/wp\/v2\/types\/post"}],"author":[{"embeddable":true,"href":"https:\/\/linitiative.ca\/International\/wp-json\/wp\/v2\/users\/1788"}],"replies":[{"embeddable":true,"href":"https:\/\/linitiative.ca\/International\/wp-json\/wp\/v2\/comments?post=78175"}],"version-history":[{"count":0,"href":"https:\/\/linitiative.ca\/International\/wp-json\/wp\/v2\/posts\/78175\/revisions"}],"wp:attachment":[{"href":"https:\/\/linitiative.ca\/International\/wp-json\/wp\/v2\/media?parent=78175"}],"wp:term":[{"taxonomy":"category","embeddable":true,"href":"https:\/\/linitiative.ca\/International\/wp-json\/wp\/v2\/categories?post=78175"},{"taxonomy":"post_tag","embeddable":true,"href":"https:\/\/linitiative.ca\/International\/wp-json\/wp\/v2\/tags?post=78175"}],"curies":[{"name":"wp","href":"https:\/\/api.w.org\/{rel}","templated":true}]}}