{"id":78208,"date":"2020-03-05T04:08:29","date_gmt":"2020-03-05T09:08:29","guid":{"rendered":"https:\/\/linitiative.ca\/International\/le-hirak-a-construit-une-identite-collective\/"},"modified":"2020-03-05T04:08:29","modified_gmt":"2020-03-05T09:08:29","slug":"le-hirak-a-construit-une-identite-collective","status":"publish","type":"post","link":"https:\/\/linitiative.ca\/International\/le-hirak-a-construit-une-identite-collective\/","title":{"rendered":"Le hirak a construit une \u00abidentit\u00e9 collective\u00bb"},"content":{"rendered":"<h4 class=\"title-14\">Selon des universitaires au Forum de l\u2019association RAJ<\/h4>\n<div class=\"featured_image\"><img loading=\"lazy\" decoding=\"async\" width=\"1000\" height=\"666\" src=\"https:\/\/www.elwatan.com\/wp-content\/uploads\/2020\/03\/MARCHE.gif\" class=\"attachment-post-thumbnail size-post-thumbnail wp-post-image\" alt=\"\"\/><\/div>\n<p class=\"p4\"><span class=\"s1\"><strong>Des universitaires alg\u00e9riens ont relev\u00e9, avant-hier \u00e0 Alger, que le hirak \u2013 qui a op\u00e9r\u00e9 un <em>\u00abchangement qualitatif\u00bb<\/em> par rapport aux mouvements sociaux survenus depuis 1980 \u2013 a permis une r\u00e9appropriation <em>\u00abdes espaces publics, de la parole politique, de l\u2019histoire nationale et l\u2019identit\u00e9 collective\u00bb<\/em>, et aspire \u00e0 un <em>\u00abdestin commun\u00bb<\/em>.<\/strong><\/span><\/p>\n<p class=\"p4\"><span class=\"s1\"><strong>L<\/strong><\/span><span class=\"s1\">e hirak, r\u00e9ceptacle des mouvements sociaux qui ont secou\u00e9 le pays depuis plusieurs d\u00e9cennies, exprime une volont\u00e9 de reconstruire <em>\u00able lien social et une communaut\u00e9 politique, qui aspire \u00e0 un destin commun, sans pour autant effacer les diff\u00e9rences sociales, politiques, culturelles ou religieuses\u00bb<\/em>, ont soutenu, avant-hier \u00e0 Alger, des universitaires.<\/span><\/p>\n<p class=\"p6\"><span class=\"s1\"><em>\u00abLe hirak, n\u00e9 en f\u00e9vrier 2019, est le r\u00e9sultat de changements et de transformations extr\u00eamement profondes de la soci\u00e9t\u00e9.<\/em><\/span><\/p>\n<p class=\"p7\"><span class=\"s1\"><em>Il s\u2019inscrit aussi dans l\u2019\u00e9volution des mouvements sociaux \u00e0 l\u2019\u00e9chelle globale\u00bb<\/em>, a analys\u00e9 Salem Chena, chercheur associ\u00e9 au laboratoire Les Afriques dans le monde de Sciences Po Bordeaux, lors d\u2019une conf\u00e9rence-d\u00e9bat sur \u00abLe hirak, comme une perspective historique\u00bb<em>,<\/em> organis\u00e9e par l\u2019association RAJ.<\/span><\/p>\n<p class=\"p7\"><span class=\"s1\"><em>\u00abDe par ses m\u00e9thodes d\u2019action, le hirak s\u2019est r\u00e9appropri\u00e9 les espaces publics, la parole politique, l\u2019histoire nationale et l\u2019identit\u00e9 collective, \u00e0 savoir l\u2019alg\u00e9rianit\u00e9\u00bb<\/em>, a-t-il, ajout\u00e9 lors de la pr\u00e9sentation d\u2019un ouvrage collectif : <em>Alg\u00e9rie, d\u00e9cennie 2010, aux origines du mouvement de 22 F\u00e9vrier<\/em>, paru r\u00e9cemment en France.<\/span><\/p>\n<p class=\"p7\"><span class=\"s1\">Ces r\u00e9appropriations expriment <em>\u00abla reconstruction du lien social et d\u2019une communaut\u00e9 politique, qui aspire \u00e0 un destin commun, sans pour autant effacer les diff\u00e9rences sociales, politiques, culturelles ou religieuses\u00bb<\/em>, et <em>\u00abune r\u00e9-politisation de la soci\u00e9t\u00e9\u00bb<\/em>, a-t-il soulign\u00e9.<\/span><\/p>\n<p class=\"p7\"><span class=\"s1\">Autre caract\u00e9ristique du hirak : sa capacit\u00e9 d\u2019adaptation en termes de mots d\u2019ordre en fonction du contexte politique lors des marches hebdomadaires, a pr\u00e9cis\u00e9 l\u2019universitaire, en citant le th\u00e8me r\u00e9cent du coronavirus.<\/span><\/p>\n<p class=\"p7\"><span class=\"s1\">En outre, le mouvement populaire <em>\u00abinventif\u00bb<\/em> renouvelle constamment ses formes de contestation dans les chants et les slogans chaque semaine. <em>\u00abCela t\u00e9moigne d\u2019une chape de plomb qui a saut\u00e9\u00bb<\/em>, a not\u00e9 Salem Chena.<\/span><\/p>\n<p class=\"p7\"><span class=\"s1\">Le mouvement de contestation <em>\u00abindividualis\u00e9 et urbanis\u00e9\u00bb<\/em> s\u2019inscrit aussi dans la mondialisation, notamment avec le recours aux r\u00e9seaux sociaux et des pancartes en anglais, qui alimentent ses revendications, a-t-il soulign\u00e9.<\/span><\/p>\n<p class=\"p7\"><span class=\"s1\">Le civisme des manifestants est synonyme d\u2019une <em>\u00abvolont\u00e9 citoyenne de revendications des droits\u00bb<\/em> alors que le hirak exprime son <em>\u00abrefus de la hogra\u00bb<\/em> et affiche une critique de la corruption et des in\u00e9galit\u00e9s sociales.<\/span><\/p>\n<p class=\"p7\"><span class=\"s1\">A travers le slogan phare \u00abSilmiya\u00bb, le hirak, qui refuse toute forme d\u2019organigramme, <em>\u00abvise \u00e0 pr\u00e9server le mouvement et assurer son autonomie. Cela d\u00e9note d\u2019un apprentissage des luttes pass\u00e9es de l\u2019histoire et de leurs \u00e9checs\u00bb<\/em>, a-t-il expliqu\u00e9.<\/span><\/p>\n<p class=\"p7\"><span class=\"s1\">Pour sa part, A\u00efssa Kadri, sociologue et professeur \u00e9m\u00e9rite des universit\u00e9s, a relev\u00e9 que le mouvement de contestation, qui s\u2019inscrit dans l\u2019histoire du pays, constitue <em>\u00abun catalyseur\u00bb<\/em> de nombreux mouvements sociaux qui ont secou\u00e9 l\u2019Alg\u00e9rie. <em>\u00abLe hirak n\u2019est pas tomb\u00e9 du ciel ! Il est un r\u00e9ceptacle des mouvements sociaux survenus depuis 1980\u00bb,<\/em> a-t-il d\u00e9crit.<\/span><\/p>\n<p class=\"p7\"><span class=\"s1\">En revanche, il a marqu\u00e9 une transformation par rapport aux formes de contestations et mouvements sociaux et politiques<span class=\"Apple-converted-space\">\u00a0<\/span> depuis l\u2019ind\u00e9pendance. <em>\u00abIl a op\u00e9r\u00e9 un changement qualitatif par rapport aux mouvements sociaux qui \u00e9taient spontan\u00e9s, \u00e9clat\u00e9s et fragment\u00e9s. Pacifique et national, il exprime des points de vue diff\u00e9rents et laisse place \u00e0 la tol\u00e9rance\u00bb<\/em>, a estim\u00e9 A\u00efssa Kadri, qui a dirig\u00e9 l\u2019ouvrage.<\/span><\/p>\n<p class=\"p7\"><span class=\"s1\">Selon lui, le mouvement populaire constitue aussi un d\u00e9menti \u00e0 <em>\u00abla fausse exception\u00bb<\/em> alg\u00e9rienne, selon laquelle les Alg\u00e9riens \u00e9taient amorphes, d\u00e9politis\u00e9s et r\u00e9sign\u00e9s, au moment des printemps dits \u00abarabes\u00bb en 2011.<\/span><\/p>\n<p class=\"p7\"><span class=\"s1\">De son c\u00f4t\u00e9, Hocine Belalloufi, essayiste et journaliste, qui a pr\u00e9sent\u00e9 une communication autour de son ouvrage <em>Peuple insurg\u00e9, entre r\u00e9forme et r\u00e9volution<\/em>, est revenu sur les objectifs et les moyens employ\u00e9s par le mouvement de protestation.<\/span><\/p>\n<p class=\"p7\"><span class=\"s1\"><em>\u00abLe peuple alg\u00e9rien s\u2019est \u00e9lev\u00e9 en 2019 contre l\u2019autoritarisme mais aussi contre la remise en cause du consensus social, la spoliation et la paup\u00e9risation\u00bb,<\/em> dira-t-il, \u00e9voquant un lien historique avec le mouvement des ann\u00e9es 1940-50.<\/span><\/p>\n<p class=\"p7\"><span class=\"s1\">Le hirak, mouvement <em>\u00abinterclassiste\u00bb, \u00abanti-imp\u00e9rialiste\u00bb,<\/em> et <em>\u00abinsuffisamment social\u00bb,<\/em> n\u2019est pas une <em>\u00abr\u00e9volution\u00bb<\/em> mais seulement <em>\u00abun mouvement de r\u00e9forme politique radicale\u00bb<\/em>, selon lui.<\/span><\/p>\n<p class=\"p7\"><span class=\"s1\">Evoquant les rapports de force, il a not\u00e9 que le pouvoir est sur <em>\u00abla d\u00e9fensive sur le plan strat\u00e9gique\u00bb. \u00abIl fait face \u00e0 un mouvement qui ne l\u00e2che rien sur sa volont\u00e9 d\u2019aller vers un r\u00e9gime bas\u00e9 sur la souverainet\u00e9 populaire.<\/em><\/span><\/p>\n<p class=\"p7\"><span class=\"s1\"><em>Cependant, face \u00e0 la faiblesse des syndicats, du mouvement associatif et du manque de cr\u00e9dibilit\u00e9 des partis politiques, l\u2019objectif dans ces conditions est de contraindre le r\u00e9gime \u00e0 n\u00e9gocier une transition copilot\u00e9e<\/em> \u00bb, a-t-il soulign\u00e9.<strong><em><br \/><\/em><\/strong><\/span><\/p>\n<p><span class=\"post-views-label\">Post Views:<\/span> <span class=\"post-views-count\">677<\/span><\/p>\n<p><br class=\"c2\"\/><br class=\"c5\"\/><\/p>\n<p>Auteur: Anis Khecheba<br \/>\n<a href=\"https:\/\/www.elwatan.com\/edition\/actualite\/le-hirak-a-construit-une-identite-collective-05-03-2020\">Cliquez ici pour lire l&rsquo;article depuis sa source.<\/a><\/p>\n","protected":false},"excerpt":{"rendered":"<p>Selon des universitaires au Forum de l\u2019association RAJ Des universitaires alg\u00e9riens ont relev\u00e9, avant-hier \u00e0 Alger, que le hirak \u2013 qui a op\u00e9r\u00e9 un \u00abchangement qualitatif\u00bb par rapport aux mouvements sociaux survenus depuis 1980 \u2013 a permis une r\u00e9appropriation \u00abdes espaces publics, de la parole politique, de l\u2019histoire nationale et l\u2019identit\u00e9 collective\u00bb, et aspire \u00e0 [&hellip;]<\/p>\n","protected":false},"author":1743,"featured_media":78209,"comment_status":"closed","ping_status":"closed","sticky":false,"template":"","format":"standard","meta":{"fifu_image_url":"","fifu_image_alt":"","footnotes":""},"categories":[73,53],"tags":[],"class_list":["post-78208","post","type-post","status-publish","format-standard","has-post-thumbnail","hentry","category-actualite","category-algerie"],"_links":{"self":[{"href":"https:\/\/linitiative.ca\/International\/wp-json\/wp\/v2\/posts\/78208","targetHints":{"allow":["GET"]}}],"collection":[{"href":"https:\/\/linitiative.ca\/International\/wp-json\/wp\/v2\/posts"}],"about":[{"href":"https:\/\/linitiative.ca\/International\/wp-json\/wp\/v2\/types\/post"}],"author":[{"embeddable":true,"href":"https:\/\/linitiative.ca\/International\/wp-json\/wp\/v2\/users\/1743"}],"replies":[{"embeddable":true,"href":"https:\/\/linitiative.ca\/International\/wp-json\/wp\/v2\/comments?post=78208"}],"version-history":[{"count":0,"href":"https:\/\/linitiative.ca\/International\/wp-json\/wp\/v2\/posts\/78208\/revisions"}],"wp:featuredmedia":[{"embeddable":true,"href":"https:\/\/linitiative.ca\/International\/wp-json\/"}],"wp:attachment":[{"href":"https:\/\/linitiative.ca\/International\/wp-json\/wp\/v2\/media?parent=78208"}],"wp:term":[{"taxonomy":"category","embeddable":true,"href":"https:\/\/linitiative.ca\/International\/wp-json\/wp\/v2\/categories?post=78208"},{"taxonomy":"post_tag","embeddable":true,"href":"https:\/\/linitiative.ca\/International\/wp-json\/wp\/v2\/tags?post=78208"}],"curies":[{"name":"wp","href":"https:\/\/api.w.org\/{rel}","templated":true}]}}