{"id":78210,"date":"2020-03-05T04:09:05","date_gmt":"2020-03-05T09:09:05","guid":{"rendered":"https:\/\/linitiative.ca\/International\/fervent-soutien-populaire-a-karim-tabbou\/"},"modified":"2020-03-05T04:09:05","modified_gmt":"2020-03-05T09:09:05","slug":"fervent-soutien-populaire-a-karim-tabbou","status":"publish","type":"post","link":"https:\/\/linitiative.ca\/International\/fervent-soutien-populaire-a-karim-tabbou\/","title":{"rendered":"Fervent soutien populaire \u00e0 Karim Tabbou"},"content":{"rendered":"<h4 class=\"title-14\">Il assume ses positions devant le tribunal<\/h4>\n<div class=\"featured_image\"><img loading=\"lazy\" decoding=\"async\" width=\"600\" height=\"388\" src=\"https:\/\/www.elwatan.com\/wp-content\/uploads\/2020\/03\/Tabbou-col.gif\" class=\"attachment-post-thumbnail size-post-thumbnail wp-post-image\" alt=\"\"\/><\/div>\n<p class=\"p4\"><span class=\"s1\"><strong>A l\u2019ext\u00e9rieur, une foule immense a presque assi\u00e9g\u00e9 le tribunal, entonnant les classiques du hirak, les \u00e9chos r\u00e9sonnaient jusque dans la salle d\u2019audience. Les forces de l\u2019ordre sont intervenues pour disperser le rassemblement et m\u00eame proc\u00e9der \u00e0 des interpellations.<\/strong><\/span><\/p>\n<p class=\"p4\"><span class=\"s1\">D<\/span><span class=\"s1\">\u00e8s qu\u2019il est apparu, souriant et poing lev\u00e9, toute la salle s\u2019est mise debout et scandaient\u00a0: <em>\u00abAlg\u00e9rie libre et d\u00e9mocratique !\u00bb<\/em> et <em>\u00abLibert\u00e9 pour Tabbou !\u00bb<\/em> annon\u00e7ant un proc\u00e8s tant attendu par l\u2019opinion publique. Pour le d\u00e9tenu Karim Tabbou, le moment est arriv\u00e9 pour la grande explication.<\/span><\/p>\n<p class=\"p4\"><span class=\"s1\">Apr\u00e8s six mois de d\u00e9tention en isolement \u00e0 la prison de Kol\u00e9a, il pourra enfin prendre la parole pour dire ses v\u00e9rit\u00e9s. Il va pouvoir livrer le r\u00e9cit de son emprisonnement depuis la fameuse matin\u00e9e du 11 septembre 2019, quand des officiers de la s\u00e9curit\u00e9 int\u00e9rieure sont venus le chercher chez lui.<\/span><\/p>\n<p class=\"p4\"><span class=\"s1\">La salle d\u2019audience situ\u00e9e au premier \u00e9tage du tribunal de Sidi M\u2019hamed \u00e9tait, hier, pleine \u00e0 craquer, jusqu\u2019au moindre de ses recoins.<\/span><\/p>\n<p class=\"p4\"><span class=\"s1\">Plus de 180 avocats venus des quatre coins du pays, la famille Tabbou, ses parents et fr\u00e8re, son \u00e9pouse Zahra qui br\u00fblait d\u2019envie de prendre son \u00abh\u00e9ros\u00bb dans ses bras ainsi que de nombreux militants politiques, dont les dirigeants du FFS, Ali Laskri et Hakim Belahcel, le pr\u00e9sident du RCD, Mohcine Belabbas, le v\u00e9t\u00e9ran de la Guerre de Lib\u00e9ration nationale, Lakhdar Bourega\u00e2, d\u2019autres ex-d\u00e9tenus, dont l\u2019activiste Fodil Boumala, la militante Samira Messouci\u2026<\/span><\/p>\n<p class=\"p4\"><span class=\"s1\">A l\u2019ext\u00e9rieur, une foule immense a presque assi\u00e9g\u00e9 le tribunal, entonnant les classiques du hirak, les \u00e9chos r\u00e9sonnaient jusque dans la salle d\u2019audience. Les forces de l\u2019ordre sont intervenues pour disperser le rassemblement et m\u00eame proc\u00e9der \u00e0 des interpellations.<\/span><\/p>\n<p class=\"p4\"><span class=\"s1\">On se serait cru \u00e0 la marche d\u2019un vendredi du hirak. L\u2019homme pr\u00e9sent\u00e9 devant le juge jouit d\u2019un soutien populaire extraordinaire. Depuis son incarc\u00e9ration, il est devenu un v\u00e9ritable ph\u00e9nom\u00e8ne politique. Sa popularit\u00e9 a explos\u00e9.<\/span><\/p>\n<p class=\"p4\"><span class=\"s1\">De toutes ob\u00e9diences et de toutes r\u00e9gions, ils sont venus nombreux pour soutenir celui qui va porter la parole du hirak, qui va d\u00e9fendre la cause du peuple du vendredi face au juge, face au r\u00e9gime politique. Si \u00e0 l\u2019ext\u00e9rieur, l\u2019ambiance \u00e9tait \u00e9lectrique, \u00e0 l\u2019int\u00e9rieur c\u2019est plut\u00f4t la s\u00e9r\u00e9nit\u00e9 qui domine.<\/span><\/p>\n<p class=\"p4\"><span class=\"s1\">Apr\u00e8s une longue bataille de proc\u00e9dure qui a dur\u00e9 pr\u00e8s de deux heures, place aux d\u00e9bats. La juge appelle Karim Tabbou \u00e0 la barre et lui lit les chefs d\u2019accusation. \u00abAtteinte \u00e0 l\u2019unit\u00e9 nationale\u00bb et \u00abdiffusion de documents et vid\u00e9os incitant \u00e0 la violence dans le but d\u2019attenter \u00e0 la d\u00e9fense nationale\u00bb. Rien que \u00e7a.<\/span><\/p>\n<p class=\"p4\"><span class=\"s1\">Serein, s\u00fbr de lui et surtout bien pr\u00e9par\u00e9, l\u2019ancien lieutenant de Hocine A\u00eft Ahmed fonce avec sa fougue l\u00e9gendaire comme dans un meeting politique. <em>\u00abJe suis accus\u00e9 et emprisonn\u00e9 en raison de mes positions politiques, je suis accus\u00e9 en tant que militant politique. Je suis \u00e0 la fois triste et content.<\/em><\/span><\/p>\n<p class=\"p4\"><span class=\"s1\"><em>Je viens d\u2019A\u00eft Bouadhou, dans la r\u00e9gion des Ouadhias, o\u00f9 fut proclam\u00e9 le 1<sup>er<\/sup> Novembre 1954, une r\u00e9gion qui a subi toutes sortes de r\u00e9pressions et je me retrouve accus\u00e9 d\u2019avoir port\u00e9 atteinte \u00e0 l\u2019unit\u00e9 nationale.\u00bb<\/em><\/span><\/p>\n<p class=\"p4\"><span class=\"s1\">La pr\u00e9sidente tente de contenir Tabbou et l\u2019obliger \u00e0 r\u00e9pondre uniquement aux accusations. Impossible. Le d\u00e9tenu de Kol\u00e9a est un homme qui ne se laisse pas dicter la conduite \u00e0 tenir. Il a d\u00e9cid\u00e9 de faire de la tribune le proc\u00e8s du r\u00e9gime et non pas le sien.<\/span><\/p>\n<p class=\"p4\"><span class=\"s1\"><em>\u00abJ\u2019ai \u00e9t\u00e9 dans l\u2019isolement total, j\u2019ai \u00e9t\u00e9 isol\u00e9 de l\u2019humanit\u00e9 pendant six mois. Est-il raisonnable de me poursuivre pour atteinte \u00e0 l\u2019unit\u00e9 nationale, moi qui \u00e9tais le plus jeune militant \u00e0 avoir dirig\u00e9 le plus vieux parti de l\u2019opposition (FFS) de feu Hocine A\u00eft Ahmed.<\/em><\/span><\/p>\n<p class=\"p4\"><span class=\"s1\"><em>J\u2019ai eu l\u2019honneur de c\u00f4toyer cet immense personnage historique. C\u2019est de lui que j\u2019ai appris le sens de l\u2019unit\u00e9 nationale, la fid\u00e9lit\u00e9 au 1<sup>er<\/sup> Novembre,<\/em> <em>aux martyrs et \u00e0 ce peuple qui s\u2019est sacrifi\u00e9 pour que vive l\u2019Alg\u00e9rie. C\u2019est le hirak populaire qui va ramener la libert\u00e9\u2026 L\u2019unit\u00e9 nationale est sacr\u00e9e.\u00bb<\/em><\/span><\/p>\n<p class=\"p4\"><span class=\"s1\">Rappelant son parcours de militant depuis ses ann\u00e9es d\u2019universit\u00e9, son engagement politique au sein du FFS et son combat pour les valeurs de d\u00e9mocratie et de libert\u00e9, Karim Tabbou a \u00e9t\u00e9 saisi par une forte \u00e9motion.<\/span><\/p>\n<p class=\"p4\"><span class=\"s1\"><em>\u00abJe risque de pleurer, mon fils \u00e2g\u00e9 de sept ans pourra lire un jour que son p\u00e8re a \u00e9t\u00e9 accus\u00e9 d\u2019avoir attent\u00e9 \u00e0 l\u2019unit\u00e9 nationale, cela me fera profond\u00e9ment mal.\u00bb<\/em> Toute la salle applaudit comme pour apporter un cinglant d\u00e9menti \u00e0 l\u2019accusation.<\/span><\/p>\n<p class=\"p4\"><span class=\"s1\">Poursuivant sa plaidoirie, le d\u00e9tenu, devenu figure de proue de l\u2019insurrection citoyenne en cours dans le pays, \u00e9voque un \u00e9v\u00e9nement qu\u2019a connu son p\u00e8re durant la Guerre de Lib\u00e9ration nationale. <em>\u00abMon p\u00e8re qui est dans cette salle, \u00e2g\u00e9 de 84 ans, est handicap\u00e9.<\/em><\/span><\/p>\n<p class=\"p4\"><span class=\"s1\"><em>Pendant la guerre d\u2019ind\u00e9pendance, des soldats fran\u00e7ais le d\u00e9nudaient et pla\u00e7aient une bouteille sur sa t\u00eate comme une cible pour apprendre le tir et aujourd\u2019hui on accuse son fils d\u2019avoir port\u00e9 atteinte \u00e0 l\u2019unit\u00e9 nationale. Je n\u2019accepte pas ces accusations, je les rejette cat\u00e9goriquement\u00bb<\/em>, tance-t-il.<\/span><\/p>\n<p class=\"p4\"><span class=\"s1\">Silence de mort dans la salle. Il n\u2019est plus possible d\u2019arr\u00eater Karim Tabbou dans sa lanc\u00e9e. Il est sur son terrain favori, celui de la politique et de la bataille des id\u00e9es puis\u00e9es dans son engagement au sein du FFS et aupr\u00e8s de son chef historique, Hocine A\u00eft Ahmed.<\/span><\/p>\n<p class=\"p4\"><strong><span class=\"s1\">\u00abJ\u2019ai \u00e9t\u00e9 humili\u00e9 \u00e0 Antar\u00bb<\/span><\/strong><\/p>\n<p class=\"p4\"><span class=\"s1\">Dominant parfaitement son sujet, l\u2019enfant de Ath Amar se monte encore plus offensif quand arrive l\u2019accusation d\u2019\u00abincitation \u00e0 la violence dans le but d\u2019attenter \u00e0 la d\u00e9fense nationale\u00bb. Pour rappel, lorsque l\u2019ancien chef d\u2019\u00e9tat-major, feu Ahmed Ga\u00efd Salah, avait d\u00e9cid\u00e9 d\u2019imposer l\u2019\u00e9lection pr\u00e9sidentielle et d\u2019agir ouvertement sur les \u00e9v\u00e9nements politiques, Karim Tabbou faisait partie des rares qui se sont dress\u00e9s contre lui.<\/span><\/p>\n<p class=\"p4\"><span class=\"s1\"><em>\u00abDe quel droit le chef d\u2019\u00e9tat-major ordonne de maintenir en d\u00e9tention les porteurs de l\u2019embl\u00e8me amazigh\u00a0? De quel droit parle-t-il des partis politiques, de son refus de la transition\u00a0? De quel droit d\u00e9cide-t-il d\u2019emp\u00eacher des v\u00e9hicules d\u2019entrer dans la capitale\u00a0?<\/em><\/span><\/p>\n<p class=\"p4\"><span class=\"s1\"><em>Quand le chef d\u2019\u00e9tat-major nous accuse d\u2019\u00eatre des \u00e9gar\u00e9s et des agents de l\u2019\u00e9tranger, je suis dans l\u2019obligation de me dresser contre lui et de lui r\u00e9pondre\u00a0!\u00bb<\/em> ass\u00e8ne Karim Tabbou. <em>\u00abJe fais de la non-ing\u00e9rence de l\u2019arm\u00e9e dans les affaires politiques un principe cardinal dans mon engagement politique.<\/em><\/span><\/p>\n<p class=\"p4\"><span class=\"s1\"><em>Pourtant, la Constitution a bien d\u00e9fini les missions de l\u2019institution militaire. Il n\u2019est pas dans son r\u00f4le de faire des discours politiques \u00e0 partir des casernes et qu\u2019on interdise les d\u00e9bats politiques dans les universit\u00e9s\u00bb,<\/em> mitraille-t-il encore.<\/span><\/p>\n<p class=\"p4\"><span class=\"s1\">Sur l\u2019incitation \u00e0 la violence, Karim Tabbou rappelle au tribunal qu\u2019il est issu de la culture de la non-violence. <em>\u00abQuand la Gendarmerie nationale assassinait des jeunes en 2001, je me suis oppos\u00e9 \u00e0 la violence, j\u2019ai \u00e9t\u00e9 un des rares militants \u00e0 s\u2019\u00eatre d\u00e9plac\u00e9 \u00e0 Berriane lors des \u00e9v\u00e9nements de 2004.<\/em><\/span><\/p>\n<p class=\"p4\"><span class=\"s1\"><em>Ceux qui incitent \u00e0 la haine et \u00e0 la violence et au r\u00e9gionalisme sont en libert\u00e9, ils \u00e9cument les plateaux de t\u00e9l\u00e9vision en toute qui\u00e9tude\u00bb<\/em>, encha\u00eene encore le d\u00e9tenu de Kol\u00e9a.<\/span><\/p>\n<p class=\"p4\"><span class=\"s1\">Mais ce qui a plomb\u00e9 la salle d\u2019audience, c\u2019est quand l\u2019ancien leader du FFS fait le gla\u00e7ant r\u00e9cit de son arrestation par les services de s\u00e9curit\u00e9. <em>\u00abJe me suis senti comme un otage palestinien, j\u2019ai essuy\u00e9 des insultes, j\u2019ai \u00e9t\u00e9 humili\u00e9, j\u2019ai entendu ce que je n\u2019avais jamais entendu durant toute ma vie comme insultes et calomnies. J\u2019ai \u00e9t\u00e9 trait\u00e9 de mani\u00e8re sauvage.\u00bb<\/em><\/span><\/p>\n<p class=\"p4\"><span class=\"s1\">Il craque et provoque un tonnerre d\u2019applaudissements dans la salle. <em>\u00abJ\u2019ai \u00e9t\u00e9 emmen\u00e9 \u00e0 la caserne Antar des services de renseignement, j\u2019ai respect\u00e9 toute les proc\u00e9dures, j\u2019ai \u00e9t\u00e9 disciplin\u00e9. On ma laiss\u00e9 24 heures dans<\/em> <em>une salle sans que personne ne vienne me parler.<\/em><\/span><\/p>\n<p class=\"p4\"><span class=\"s1\"><em>Vers une heure du matin, un enqu\u00eateur m\u00e9chant vient m\u2019interroger et a voulu me proposer un march\u00e9, me parlant d\u2019un candidat \u00e0 la pr\u00e9sidentielle tunisienne alors qu\u2019il \u00e9tait en prison. J\u2019ai r\u00e9pondu que je refuse de pactiser, je refuse l\u2019\u00e9lection pr\u00e9sidentielle.<\/em><\/span><\/p>\n<p class=\"p4\"><span class=\"s1\"><em>A ce moment-l\u00e0, il m\u2019a frapp\u00e9 avec les menottes, mes mains \u00e9taient devenues bleues, on a refus\u00e9 de me laisser contacter ma famille, on a refus\u00e9 de me laisser voir un m\u00e9decin.\u00bb<\/em> Difficile de retenir ses larmes. Une col\u00e8re sourde se saisit des pr\u00e9sents au point d\u2019entendre des grincements de dents.<\/span><\/p>\n<p class=\"p4\"><span class=\"s1\">Tr\u00e8s remont\u00e9, Karim Tabbou d\u00e9fie le ministre de la Justice <em>\u00abd\u2019ouvrir une enqu\u00eate sur ce qui j\u2019ai subi \u00e0 la caserne Antar\u00bb<\/em>.<\/span><\/p>\n<p class=\"p4\"><span class=\"s1\">La pr\u00e9sidente l\u00e8ve la s\u00e9ance, les avocats se concertent pour organiser les plaidoiries sous la houlette des t\u00e9nors du barreau conduits par Mokrane A\u00eft Larbi, Mustapha Bouchachi, Zoubida Assoul, le b\u00e2tonnier de B\u00e9ja\u00efa Salem Khatri, Hakim Saheb, Abdelghani Badi, Nabila Smail, Abdellah Haboul, Nacer Hammouche, Noureddine Benissaad\u2026<\/span><\/p>\n<p class=\"p4\"><span class=\"s1\">En d\u00e9but de soir\u00e9e, le procureur de la R\u00e9publique a requis une peine de quatre ans de prison ferme assortie d\u2019une amende de 200\u00a0000\u00a0DA. A l\u2019heure o\u00f9 nous mettions sous presse, les plaidoiries se poursuivaient.\u00a0<\/span><\/p>\n<p><span class=\"post-views-label\">Post Views:<\/span> <span class=\"post-views-count\">4\u00a0511<\/span><\/p>\n<p><br class=\"c2\"\/><br class=\"c5\"\/><\/p>\n<p>Auteur: Anis Khecheba<br \/>\n<a href=\"https:\/\/www.elwatan.com\/edition\/actualite\/fervent-soutien-populaire-a-karim-tabbou-05-03-2020\">Cliquez ici pour lire l&rsquo;article depuis sa source.<\/a><\/p>\n","protected":false},"excerpt":{"rendered":"<p>Il assume ses positions devant le tribunal A l\u2019ext\u00e9rieur, une foule immense a presque assi\u00e9g\u00e9 le tribunal, entonnant les classiques du hirak, les \u00e9chos r\u00e9sonnaient jusque dans la salle d\u2019audience. Les forces de l\u2019ordre sont intervenues pour disperser le rassemblement et m\u00eame proc\u00e9der \u00e0 des interpellations. D\u00e8s qu\u2019il est apparu, souriant et poing lev\u00e9, toute [&hellip;]<\/p>\n","protected":false},"author":1743,"featured_media":78211,"comment_status":"closed","ping_status":"closed","sticky":false,"template":"","format":"standard","meta":{"fifu_image_url":"","fifu_image_alt":"","footnotes":""},"categories":[73,53],"tags":[],"class_list":["post-78210","post","type-post","status-publish","format-standard","has-post-thumbnail","hentry","category-actualite","category-algerie"],"_links":{"self":[{"href":"https:\/\/linitiative.ca\/International\/wp-json\/wp\/v2\/posts\/78210","targetHints":{"allow":["GET"]}}],"collection":[{"href":"https:\/\/linitiative.ca\/International\/wp-json\/wp\/v2\/posts"}],"about":[{"href":"https:\/\/linitiative.ca\/International\/wp-json\/wp\/v2\/types\/post"}],"author":[{"embeddable":true,"href":"https:\/\/linitiative.ca\/International\/wp-json\/wp\/v2\/users\/1743"}],"replies":[{"embeddable":true,"href":"https:\/\/linitiative.ca\/International\/wp-json\/wp\/v2\/comments?post=78210"}],"version-history":[{"count":0,"href":"https:\/\/linitiative.ca\/International\/wp-json\/wp\/v2\/posts\/78210\/revisions"}],"wp:featuredmedia":[{"embeddable":true,"href":"https:\/\/linitiative.ca\/International\/wp-json\/"}],"wp:attachment":[{"href":"https:\/\/linitiative.ca\/International\/wp-json\/wp\/v2\/media?parent=78210"}],"wp:term":[{"taxonomy":"category","embeddable":true,"href":"https:\/\/linitiative.ca\/International\/wp-json\/wp\/v2\/categories?post=78210"},{"taxonomy":"post_tag","embeddable":true,"href":"https:\/\/linitiative.ca\/International\/wp-json\/wp\/v2\/tags?post=78210"}],"curies":[{"name":"wp","href":"https:\/\/api.w.org\/{rel}","templated":true}]}}