{"id":78281,"date":"2020-03-06T13:14:26","date_gmt":"2020-03-06T18:14:26","guid":{"rendered":"https:\/\/linitiative.ca\/International\/presentation-de-louvrage-le-livre-du-parfum\/"},"modified":"2020-03-06T13:14:26","modified_gmt":"2020-03-06T18:14:26","slug":"presentation-de-louvrage-le-livre-du-parfum","status":"publish","type":"post","link":"https:\/\/linitiative.ca\/International\/presentation-de-louvrage-le-livre-du-parfum\/","title":{"rendered":"Pr\u00e9sentation de l\u2019ouvrage \u00ab\u00a0Le livre du parfum\u00a0\u00bb"},"content":{"rendered":"<div readability=\"37\">\n<p>Marrakech- Le sp\u00e9cialiste en \u00e9cologie et ethnobotanique et cr\u00e9ateur de parfums, Abderrazzak Bencha\u00e2bane, a pr\u00e9sent\u00e9 jeudi soir \u00e0 l\u2019Institut Fran\u00e7ais de Marrakech (IFM), son dernier ouvrage intitul\u00e9 \u00ab\u00a0Le livre du parfum : Sur le chemin du sacr\u00e9 au profane\u00a0\u00bb.<\/p>\n<\/div>\n<div readability=\"101\">\n<p>\u00ab\u00a0Le Livre du parfum\u00a0\u00bb, qui offre aux curieux et au large lectorat une vision o\u00f9, les usages des parfums sont \u00e0 la fois profanes et sacr\u00e9s, s\u2019inscrit dans le cadre d\u2019une s\u00e9rie d\u2019ouvrages traitant de l\u2019histoire des parfums d\u2019un point de vue d\u2019un sp\u00e9cialiste marocain, arabe et musulman.<\/p>\n<p>Pour la premi\u00e8re fois, Abderrazzak Bencha\u00e2bane, en historien et en anthropologue, r\u00e9v\u00e8le les apports de l\u2019Orient -du Maroc jusqu\u2019\u00e0 la Chine- \u00e0 la parfumerie.<\/p>\n<p>Pour cet \u00e9crivain, la parfumerie, transcende les fronti\u00e8res, unit les arts et les \u00eatres, s\u2019adressant \u00e0 l\u2019intellect mais aussi au c\u0153ur, aux \u00e9motions communes \u00e0 toute l\u2019humanit\u00e9.<\/p>\n<p>A travers cet opus de 190 pages, \u00e9dit\u00e9 par le Mus\u00e9e du Parfum, Abderrazzak Bencha\u00e2bane nous livre l\u2019un des plus beaux portraits de parfumeur, artiste \u00e0 la recherche de la beaut\u00e9 mais surtout, de l\u2019\u00e9motion que va susciter sa cr\u00e9ation.<\/p>\n<p>Ce livre n\u2019est ni tout \u00e0 fait un roman, ni tout \u00e0 fait un ouvrage scientifique. Il s\u2019affranchit des genres, s\u2019\u00e9lance dans un style qui est celui de la libert\u00e9 litt\u00e9raire.<\/p>\n<p>La p\u00e9r\u00e9grination dans l\u2019histoire du parfum am\u00e8ne cet arch\u00e9ologue des odeurs et des parfums, par son approche sensible et subtile, au d\u00e9voilement de ce qui constitue notre point commun \u00e0 tous : notre humanit\u00e9.<\/p>\n<p>Dans ce livre, Bencha\u00e2bane s\u2019inscrit dans la tradition des grands ma\u00eetres musulmans d\u2019herboristes-parfumeurs avec leur connaissance minutieuse des plantes et des parfums.<\/p>\n<p>Abderrazzak Bencha\u00e2bane est n\u00e9 en 1959 \u00e0\u00a0Marrakech. Titulaire d\u2019un Doctorat d\u2019\u00e9tat en \u00e9cologie et en ethnobotanique, photographe, voyageur, paysagiste, conf\u00e9rencier et cr\u00e9ateur de parfums, il enseigne l\u2019\u00e9cologie \u00e0 l\u2019universit\u00e9 de\u00a0Marrakech\u00a0depuis 1983.<\/p>\n<p>Il est l\u2019auteur d\u2019ouvrages sur l\u2019histoire des jardins \u00e0\u00a0Marrakech\u00a0et sur les plantes m\u00e9dicinales et aromatiques. En photographe, il a publi\u00e9 quatre albums-photos en noir et blanc au Maroc, en France et en Italie.<\/p>\n<p>Abderrazzak Bencha\u00e2bane a ouvert deux mus\u00e9es \u00e0\u00a0Marrakech, le mus\u00e9e de la Palmeraie en 2011 et le mus\u00e9e du Parfum en 2016.<\/p>\n<p>Sa fondation encourage depuis 2010, la promotion d\u2019initiatives dont des ateliers pour enfants, outre des actions en faveur de l\u2019\u00e9ducation des jeunes \u00e0 la protection de l\u2019environnement et \u00e0 l\u2019\u00e9veil artistique et olfactif.<\/p>\n<\/div>\n<p>Auteur: Mohammed KOURSI<br \/>\n<a href=\"http:\/\/www.mapmarrakech.ma\/fr\/presentation-de-louvrage-le-livre-du-parfum\/\">Cliquez ici pour lire l&rsquo;article depuis sa source.<\/a><\/p>\n","protected":false},"excerpt":{"rendered":"<p>Marrakech- Le sp\u00e9cialiste en \u00e9cologie et ethnobotanique et cr\u00e9ateur de parfums, Abderrazzak Bencha\u00e2bane, a pr\u00e9sent\u00e9 jeudi soir \u00e0 l\u2019Institut Fran\u00e7ais de Marrakech (IFM), son dernier ouvrage intitul\u00e9 \u00ab\u00a0Le livre du parfum : Sur le chemin du sacr\u00e9 au profane\u00a0\u00bb. \u00ab\u00a0Le Livre du parfum\u00a0\u00bb, qui offre aux curieux et au large lectorat une vision o\u00f9, les [&hellip;]<\/p>\n","protected":false},"author":1788,"featured_media":0,"comment_status":"closed","ping_status":"closed","sticky":false,"template":"","format":"standard","meta":{"fifu_image_url":"","fifu_image_alt":"","footnotes":""},"categories":[54,76],"tags":[],"class_list":["post-78281","post","type-post","status-publish","format-standard","hentry","category-maroc","category-regions"],"_links":{"self":[{"href":"https:\/\/linitiative.ca\/International\/wp-json\/wp\/v2\/posts\/78281","targetHints":{"allow":["GET"]}}],"collection":[{"href":"https:\/\/linitiative.ca\/International\/wp-json\/wp\/v2\/posts"}],"about":[{"href":"https:\/\/linitiative.ca\/International\/wp-json\/wp\/v2\/types\/post"}],"author":[{"embeddable":true,"href":"https:\/\/linitiative.ca\/International\/wp-json\/wp\/v2\/users\/1788"}],"replies":[{"embeddable":true,"href":"https:\/\/linitiative.ca\/International\/wp-json\/wp\/v2\/comments?post=78281"}],"version-history":[{"count":0,"href":"https:\/\/linitiative.ca\/International\/wp-json\/wp\/v2\/posts\/78281\/revisions"}],"wp:attachment":[{"href":"https:\/\/linitiative.ca\/International\/wp-json\/wp\/v2\/media?parent=78281"}],"wp:term":[{"taxonomy":"category","embeddable":true,"href":"https:\/\/linitiative.ca\/International\/wp-json\/wp\/v2\/categories?post=78281"},{"taxonomy":"post_tag","embeddable":true,"href":"https:\/\/linitiative.ca\/International\/wp-json\/wp\/v2\/tags?post=78281"}],"curies":[{"name":"wp","href":"https:\/\/api.w.org\/{rel}","templated":true}]}}