{"id":78282,"date":"2020-03-06T11:05:43","date_gmt":"2020-03-06T16:05:43","guid":{"rendered":"https:\/\/linitiative.ca\/International\/amenagement-doued-el-harrach-reception-de-la-totalite-du-projet-fin-2020\/"},"modified":"2020-03-06T11:05:43","modified_gmt":"2020-03-06T16:05:43","slug":"amenagement-doued-el-harrach-reception-de-la-totalite-du-projet-fin-2020","status":"publish","type":"post","link":"https:\/\/linitiative.ca\/International\/amenagement-doued-el-harrach-reception-de-la-totalite-du-projet-fin-2020\/","title":{"rendered":"Am\u00e9nagement d&rsquo;Oued El Harrach: r\u00e9ception de la totalit\u00e9 du projet fin 2020"},"content":{"rendered":"<div readability=\"36\">\n<p><strong>ALGER &#8211; La r\u00e9ception de la totalit\u00e9 du projet d&rsquo;assainissement et d&rsquo;am\u00e9nagement d&rsquo;Oued El Harrach interviendra fin 2020, a annonc\u00e9 le directeur des ressources en eau de la wilaya d&rsquo;Alger, Kamel Boukercha.<\/strong><\/p>\n<\/div>\n<div readability=\"83.5064386318\">\n<p>\u00ab\u00a0Le taux d&rsquo;avancement du projet d&rsquo;assainissement et d&rsquo;am\u00e9nagement d&rsquo;Oued El Harrach, s&rsquo;\u00e9tendant sur une longueur de 18,2 Km dans la wilaya d`Alger, est actuellement de 85%, sachant que le projet sera totalement r\u00e9ceptionn\u00e9 fin 2020\u00a0\u00bb, a pr\u00e9cis\u00e9 \u00e0 l&rsquo;APS M. Boukercha.<\/p>\n<blockquote readability=\"13\">\n<p><em><strong>La cadence des travaux au niveau du centre-ville d&rsquo;El Harrach a connu, ces derniers temps, un ralentissement en raison des pipelines de transport des d\u00e9riv\u00e9s du p\u00e9trole et du gaz (Naftal-Sonatrach) situ\u00e9s pr\u00e8s du Oued, a-t-il expliqu\u00e9, ajoutant que par mesure de s\u00e9curit\u00e9, \u00ab\u00a0nous avons d\u00e9cid\u00e9 de r\u00e9duire le volume des travaux\u00a0\u00bb en vue d&rsquo;\u00e9viter d&rsquo;\u00e9ventuels accidents.<\/strong><\/em><\/p>\n<\/blockquote>\n<p>Le m\u00eame responsable a fait savoir que ses services s&rsquo;attelaient, en coordination avec la compagnie Sonatrach, \u00e0 l&rsquo;\u00e9laboration d&rsquo;une \u00e9tude technique en vue de trouver des solutions rapides au transfert des pipelines situ\u00e9s au centre-ville d&rsquo;El Harrach, afin d&rsquo;am\u00e9nager le cours du Oued sur une distance de 1,5 Km dans les d\u00e9lais impartis.<\/p>\n<p>Le responsable a relev\u00e9 notamment que le principal probl\u00e8me qui se posait pour l&rsquo;am\u00e9nagement de ce Oued \u00e9tait la protection\u00a0 de la population des risques des inondations et la possibilit\u00e9 de r\u00e9utiliser les eaux notamment pour l&rsquo;irrigation des espaces verts \u00e0 Alger, a-t-il soulign\u00e9, rappelant qu&rsquo;Oued El Harrach s&rsquo;\u00e9tendait sur une longueur totale de 67 km, dont 18,2 km \u00e0 Alger.<\/p>\n<hr\/>\n<h3>Lire aussi:\u00a0<a href=\"http:\/\/www.aps.dz\/economie\/96500-budget-des-tp-et-des-transports-2020-plus-de-177-mds-da-consacres-a-l-equipement\" target=\"_blank\" rel=\"noopener noreferrer\">Budget des TP et des transports (2020): plus de 177 mds DA consacr\u00e9s \u00e0 l&rsquo;\u00e9quipement<\/a><\/h3>\n<hr\/>\n<p>En vue d&rsquo;am\u00e9liorer l&rsquo;alimentation en eau potable (AEP) durant l&rsquo;\u00e9t\u00e9 et le mois de Ramadhan, il a fait savoir que toutes les mesures n\u00e9cessaires avaient \u00e9t\u00e9 prises, citant dans ce cadre, les projets en cours de r\u00e9alisation par les services des ressources en eau d&rsquo;Alger pour garantir une couverture en AEP 24h\/24.<\/p>\n<p>Dans ce cadre, il a rappel\u00e9 l&rsquo;ach\u00e8vement, r\u00e9cemment, des travaux de r\u00e9habilitation de la station de pompage de Baraki pour r\u00e9pondre aux besoins en eau des habitants de Haouch Mihoub 1 et 2 et de Bentalha.<\/p>\n<blockquote readability=\"8\">\n<p><em><strong>Concernant la station d&rsquo;\u00e9puration des eaux us\u00e9es au niveau de Mahelma-sud (la circonscription administrative de Z\u00e9ralda) dont les travaux ont d\u00e9but\u00e9 depuis deux ans, M. Boukercha a dit qu&rsquo;elle sera r\u00e9ceptionn\u00e9e et mise en service en juillet 2020.<\/strong><\/em><\/p>\n<\/blockquote>\n<p>Ce projet rev\u00eat une grande importance, car il permettra la r\u00e9utilisation des eaux us\u00e9es trait\u00e9es au profit de plus de 200.000 habitants des nouvelles cit\u00e9s de Sidi Abdellah, Rahmania et Mahelma, a-t-il soutenu.<\/p>\n<\/div>\n<p>Auteur:<br \/>\n<a href=\"http:\/\/www.aps.dz\/regions\/102631-amenagement-d-oued-el-harrach-reception-de-la-totalite-du-projet-fin-2020\">Cliquez ici pour lire l&rsquo;article depuis sa source.<\/a><\/p>\n","protected":false},"excerpt":{"rendered":"<p>ALGER &#8211; La r\u00e9ception de la totalit\u00e9 du projet d&rsquo;assainissement et d&rsquo;am\u00e9nagement d&rsquo;Oued El Harrach interviendra fin 2020, a annonc\u00e9 le directeur des ressources en eau de la wilaya d&rsquo;Alger, Kamel Boukercha. \u00ab\u00a0Le taux d&rsquo;avancement du projet d&rsquo;assainissement et d&rsquo;am\u00e9nagement d&rsquo;Oued El Harrach, s&rsquo;\u00e9tendant sur une longueur de 18,2 Km dans la wilaya d`Alger, est [&hellip;]<\/p>\n","protected":false},"author":1790,"featured_media":0,"comment_status":"closed","ping_status":"closed","sticky":false,"template":"","format":"standard","meta":{"fifu_image_url":"","fifu_image_alt":"","footnotes":""},"categories":[53,76],"tags":[],"class_list":["post-78282","post","type-post","status-publish","format-standard","hentry","category-algerie","category-regions"],"_links":{"self":[{"href":"https:\/\/linitiative.ca\/International\/wp-json\/wp\/v2\/posts\/78282","targetHints":{"allow":["GET"]}}],"collection":[{"href":"https:\/\/linitiative.ca\/International\/wp-json\/wp\/v2\/posts"}],"about":[{"href":"https:\/\/linitiative.ca\/International\/wp-json\/wp\/v2\/types\/post"}],"author":[{"embeddable":true,"href":"https:\/\/linitiative.ca\/International\/wp-json\/wp\/v2\/users\/1790"}],"replies":[{"embeddable":true,"href":"https:\/\/linitiative.ca\/International\/wp-json\/wp\/v2\/comments?post=78282"}],"version-history":[{"count":0,"href":"https:\/\/linitiative.ca\/International\/wp-json\/wp\/v2\/posts\/78282\/revisions"}],"wp:attachment":[{"href":"https:\/\/linitiative.ca\/International\/wp-json\/wp\/v2\/media?parent=78282"}],"wp:term":[{"taxonomy":"category","embeddable":true,"href":"https:\/\/linitiative.ca\/International\/wp-json\/wp\/v2\/categories?post=78282"},{"taxonomy":"post_tag","embeddable":true,"href":"https:\/\/linitiative.ca\/International\/wp-json\/wp\/v2\/tags?post=78282"}],"curies":[{"name":"wp","href":"https:\/\/api.w.org\/{rel}","templated":true}]}}