{"id":78316,"date":"2020-03-06T10:52:00","date_gmt":"2020-03-06T15:52:00","guid":{"rendered":"https:\/\/linitiative.ca\/International\/reunion-du-conseil-du-gouvernement-djerad-annonce-la-creation-dune-inspection-generale-aupres-du-1er-ministere\/"},"modified":"2020-03-06T10:52:00","modified_gmt":"2020-03-06T15:52:00","slug":"reunion-du-conseil-du-gouvernement-djerad-annonce-la-creation-dune-inspection-generale-aupres-du-1er-ministere","status":"publish","type":"post","link":"https:\/\/linitiative.ca\/International\/reunion-du-conseil-du-gouvernement-djerad-annonce-la-creation-dune-inspection-generale-aupres-du-1er-ministere\/","title":{"rendered":"REUNION DU CONSEIL DU GOUVERNEMENT : Djerad annonce la cr\u00e9ation d\u2019une inspection g\u00e9n\u00e9rale aupr\u00e8s du 1er minist\u00e8re"},"content":{"rendered":"<p><br id=\"sep_para_1\" class=\"sep_para access\"\/><\/p>\n<div id=\"para_1\" class=\"para_35834846 resize\">\n<div class=\"texte access firstletter\">Le Premier ministre Abdelaziz Djerad a annonc\u00e9, lors de la r\u00e9union du conseil du gouvernement, sous sa pr\u00e9sidence, la cr\u00e9ation future d\u2019une inspection g\u00e9n\u00e9rale au niveau du Premier minist\u00e8re. \u00ab Le Premier ministre a enfin annonc\u00e9 la cr\u00e9ation future d\u2019une inspection g\u00e9n\u00e9rale au niveau du Premier minist\u00e8re. La nouvelle structure sera charg\u00e9e de suivre, d\u2019\u00e9valuer et de contr\u00f4ler les conditions de mise en \u0153uvre, sur le terrain, des d\u00e9cisions et des dispositions prises, par les pouvoirs publics, dans le cadre de la prise en charge des engagements de monsieur le pr\u00e9sident de la R\u00e9publique \u00bb, a indiqu\u00e9 le Premier minist\u00e8re dans un communiqu\u00e9.<\/div>\n<\/div>\n<p>Auteur: Nadine<br \/>\n<a href=\"https:\/\/www.reflexiondz.net\/REUNION-DU-CONSEIL-DU-GOUVERNEMENT-Djerad-annonce-la-creation-d-une-inspection-generale-aupres-du-1er-ministere_a61082.html\">Cliquez ici pour lire l&rsquo;article depuis sa source.<\/a><\/p>\n","protected":false},"excerpt":{"rendered":"<p>Le Premier ministre Abdelaziz Djerad a annonc\u00e9, lors de la r\u00e9union du conseil du gouvernement, sous sa pr\u00e9sidence, la cr\u00e9ation future d\u2019une inspection g\u00e9n\u00e9rale au niveau du Premier minist\u00e8re. \u00ab Le Premier ministre a enfin annonc\u00e9 la cr\u00e9ation future d\u2019une inspection g\u00e9n\u00e9rale au niveau du Premier minist\u00e8re. La nouvelle structure sera charg\u00e9e de suivre, d\u2019\u00e9valuer [&hellip;]<\/p>\n","protected":false},"author":1740,"featured_media":0,"comment_status":"closed","ping_status":"closed","sticky":false,"template":"","format":"standard","meta":{"fifu_image_url":"","fifu_image_alt":"","footnotes":""},"categories":[53,76],"tags":[],"class_list":["post-78316","post","type-post","status-publish","format-standard","hentry","category-algerie","category-regions"],"_links":{"self":[{"href":"https:\/\/linitiative.ca\/International\/wp-json\/wp\/v2\/posts\/78316","targetHints":{"allow":["GET"]}}],"collection":[{"href":"https:\/\/linitiative.ca\/International\/wp-json\/wp\/v2\/posts"}],"about":[{"href":"https:\/\/linitiative.ca\/International\/wp-json\/wp\/v2\/types\/post"}],"author":[{"embeddable":true,"href":"https:\/\/linitiative.ca\/International\/wp-json\/wp\/v2\/users\/1740"}],"replies":[{"embeddable":true,"href":"https:\/\/linitiative.ca\/International\/wp-json\/wp\/v2\/comments?post=78316"}],"version-history":[{"count":0,"href":"https:\/\/linitiative.ca\/International\/wp-json\/wp\/v2\/posts\/78316\/revisions"}],"wp:attachment":[{"href":"https:\/\/linitiative.ca\/International\/wp-json\/wp\/v2\/media?parent=78316"}],"wp:term":[{"taxonomy":"category","embeddable":true,"href":"https:\/\/linitiative.ca\/International\/wp-json\/wp\/v2\/categories?post=78316"},{"taxonomy":"post_tag","embeddable":true,"href":"https:\/\/linitiative.ca\/International\/wp-json\/wp\/v2\/tags?post=78316"}],"curies":[{"name":"wp","href":"https:\/\/api.w.org\/{rel}","templated":true}]}}