{"id":78317,"date":"2020-03-06T10:52:00","date_gmt":"2020-03-06T15:52:00","guid":{"rendered":"https:\/\/linitiative.ca\/International\/coronavirus-en-algerie-les-16-cas-confirmes-relevent-tous-de-la-meme-famille\/"},"modified":"2020-03-06T10:52:00","modified_gmt":"2020-03-06T15:52:00","slug":"coronavirus-en-algerie-les-16-cas-confirmes-relevent-tous-de-la-meme-famille","status":"publish","type":"post","link":"https:\/\/linitiative.ca\/International\/coronavirus-en-algerie-les-16-cas-confirmes-relevent-tous-de-la-meme-famille\/","title":{"rendered":"CORONAVIRUS EN ALGERIE  : Les 16 cas confirm\u00e9s rel\u00e8vent tous de la m\u00eame famille"},"content":{"rendered":"<p><br id=\"sep_para_1\" class=\"sep_para access\"\/><\/p>\n<div id=\"para_1\" class=\"para_35834848 resize\">\n<div class=\"texte access firstletter\">Le ministre de la Sant\u00e9, de la Population et de la R\u00e9forme hospitali\u00e8re, Abderrahmane Benbouzid, a indiqu\u00e9 jeudi, lors d\u2019une visite inopin\u00e9e \u00e0 l\u2019H\u00f4pital de Boufarik, qu\u2019au total 17 cas confirm\u00e9s positifs de Coronavirus en Alg\u00e9rie, dont 16 rel\u00e8vent d\u2019une m\u00eame famille en plus du ressortissant italien rapatri\u00e9 samedi dernier en Italie. \u00ab Les 16 cas confirm\u00e9s qui rel\u00e8vent tous de la m\u00eame famille ont \u00e9t\u00e9 contamin\u00e9s par un parent immigr\u00e9 venu de France avec sa fille pour assister \u00e0 une r\u00e9ception \u00e0 Blida \u00bb, a pr\u00e9cis\u00e9 le ministre Benbouzid, qualifiant leur \u00e9tat de sant\u00e9 de \u00ab stable et non inqui\u00e9tant. \u00bb A ce propos, M. Benbouzid, cit\u00e9 par l\u2019agence officielle, a fait \u00e9tat de 11 cas r\u00e9sidant \u00e0 Blida et d\u2019un 1 seul cas \u00e0 Kol\u00e9a (Tipasa) qui est actuellement \u00e0 l\u2019h\u00f4pital de Boufarik tandis que les autres cas, a-t-il pr\u00e9cis\u00e9, sont r\u00e9partis sur les h\u00f4pitaux d\u2019El Kettar \u00e0 Alger (2 cas) et Mascara (02 cas). Il a pr\u00e9cis\u00e9 que tous les malades font partie des proches et de l\u2019environnement des deux premiers cas confirm\u00e9s positifs le 1 mars. Constatant la situation de la prise en charge des 12 personnes atteintes au Coronavirus \u00e0 l\u2019h\u00f4pital de Boufarik, le ministre a d\u00e9clar\u00e9 \u00ab je n\u2019ai aucun doute quant \u00e0 leur prise en charge m\u00e9dicale \u00bb, saluant, dans ce sens, les comp\u00e9tences que rec\u00e8le cet \u00e9tablissement hospitalier. \u00ab Je suis venu aujourd\u2019hui sur instructions du Pr\u00e9sident de la R\u00e9publique, M. Abdelmadjid Tebboune, afin de s\u2019enqu\u00e9rir de l\u2019\u00e9tat de sant\u00e9 des malades et de les soutenir \u00bb, a affirm\u00e9 le ministre, ajoutant qu&rsquo; \u00bbil est difficile pour ces malades de se retrouver, du jour au lendemain, renferm\u00e9s dans une pi\u00e8ce comportant 6 personnes. \u00bb M. Benbouzid a saisi cette occasion afin de donner des instructions aux responsables de cet h\u00f4pital et du secteur en g\u00e9n\u00e9ral pour une meilleure prise en charge des malades et de leur fournir un s\u00e9jour devant pr\u00e9server leur dignit\u00e9.\u00a0\u00a0<\/div>\n<\/div>\n<p>Auteur: Nadine<br \/>\n<a href=\"https:\/\/www.reflexiondz.net\/CORONAVIRUS-EN-ALGERIE-Les-16-cas-confirmes-relevent-tous-de-la-meme-famille_a61083.html\">Cliquez ici pour lire l&rsquo;article depuis sa source.<\/a><\/p>\n","protected":false},"excerpt":{"rendered":"<p>Le ministre de la Sant\u00e9, de la Population et de la R\u00e9forme hospitali\u00e8re, Abderrahmane Benbouzid, a indiqu\u00e9 jeudi, lors d\u2019une visite inopin\u00e9e \u00e0 l\u2019H\u00f4pital de Boufarik, qu\u2019au total 17 cas confirm\u00e9s positifs de Coronavirus en Alg\u00e9rie, dont 16 rel\u00e8vent d\u2019une m\u00eame famille en plus du ressortissant italien rapatri\u00e9 samedi dernier en Italie. \u00ab Les 16 [&hellip;]<\/p>\n","protected":false},"author":1740,"featured_media":0,"comment_status":"closed","ping_status":"closed","sticky":false,"template":"","format":"standard","meta":{"fifu_image_url":"","fifu_image_alt":"","footnotes":""},"categories":[53,76],"tags":[],"class_list":["post-78317","post","type-post","status-publish","format-standard","hentry","category-algerie","category-regions"],"_links":{"self":[{"href":"https:\/\/linitiative.ca\/International\/wp-json\/wp\/v2\/posts\/78317","targetHints":{"allow":["GET"]}}],"collection":[{"href":"https:\/\/linitiative.ca\/International\/wp-json\/wp\/v2\/posts"}],"about":[{"href":"https:\/\/linitiative.ca\/International\/wp-json\/wp\/v2\/types\/post"}],"author":[{"embeddable":true,"href":"https:\/\/linitiative.ca\/International\/wp-json\/wp\/v2\/users\/1740"}],"replies":[{"embeddable":true,"href":"https:\/\/linitiative.ca\/International\/wp-json\/wp\/v2\/comments?post=78317"}],"version-history":[{"count":0,"href":"https:\/\/linitiative.ca\/International\/wp-json\/wp\/v2\/posts\/78317\/revisions"}],"wp:attachment":[{"href":"https:\/\/linitiative.ca\/International\/wp-json\/wp\/v2\/media?parent=78317"}],"wp:term":[{"taxonomy":"category","embeddable":true,"href":"https:\/\/linitiative.ca\/International\/wp-json\/wp\/v2\/categories?post=78317"},{"taxonomy":"post_tag","embeddable":true,"href":"https:\/\/linitiative.ca\/International\/wp-json\/wp\/v2\/tags?post=78317"}],"curies":[{"name":"wp","href":"https:\/\/api.w.org\/{rel}","templated":true}]}}