{"id":78318,"date":"2020-03-06T10:53:00","date_gmt":"2020-03-06T15:53:00","guid":{"rendered":"https:\/\/linitiative.ca\/International\/omar-rebrab-accable-bouchouareb\/"},"modified":"2020-03-06T10:53:00","modified_gmt":"2020-03-06T15:53:00","slug":"omar-rebrab-accable-bouchouareb","status":"publish","type":"post","link":"https:\/\/linitiative.ca\/International\/omar-rebrab-accable-bouchouareb\/","title":{"rendered":"Omar Rebrab accable Bouchouareb"},"content":{"rendered":"<p><br id=\"sep_para_1\" class=\"sep_para access\"\/><\/p>\n<div id=\"para_1\" class=\"para_35834856 resize\">\n<div class=\"texte access firstletter\">Omar Rebrab, le DG de Hyundai Motor Alg\u00e9rie (HMA) filiale du groupe Cevital, a r\u00e9pondu en tant que partie civile, aux questions du juge concernant le dossier des unit\u00e9s de montage automobile. Omar Rebrab a \u00e9voqu\u00e9 la mani\u00e8re dont le minist\u00e8re de l\u2019industrie de l\u2019\u00e9poque a trait\u00e9 son groupe. \u00ab J\u2019ai retir\u00e9 le cahier des charges de 2016 par internet, et j\u2019ai d\u00e9pos\u00e9 le dossier aupr\u00e8s du minist\u00e8re de l\u2019industrie de Bouchouareb, et je n\u2019avais pas re\u00e7u le r\u00e9c\u00e9piss\u00e9 de d\u00e9p\u00f4t \u00bb, a-t-il fait savoir. Et d\u2019ajouter que \u00ab nous avons eu beaucoup d\u2019obstacles lorsque Bouchouareb \u00e9tait ministre de l\u2019industrie \u00bb. \u00ab On nous a enlev\u00e9 la marque Hyundai, et je me suis rendu \u00e0 maintes reprises aupr\u00e8s du minist\u00e8re de l\u2019industrie, mais je n\u2019avais jamais \u00e9t\u00e9 re\u00e7u \u00bb. Dans ce sens, Omar Rebrab a r\u00e9v\u00e9l\u00e9 au juge \u00ab l\u2019existence d\u2019une correspondance de Bouchouareb demandant aux Cor\u00e9ens de ne travailler qu\u2019avec les groupes Tiziri, Arbaoui et Tahkout \u00bb.<\/div>\n<\/div>\n<p>Auteur: R\u00e9flexion<br \/>\n<a href=\"https:\/\/www.reflexiondz.net\/Omar-Rebrab-accable-Bouchouareb_a61085.html\">Cliquez ici pour lire l&rsquo;article depuis sa source.<\/a><\/p>\n","protected":false},"excerpt":{"rendered":"<p>Omar Rebrab, le DG de Hyundai Motor Alg\u00e9rie (HMA) filiale du groupe Cevital, a r\u00e9pondu en tant que partie civile, aux questions du juge concernant le dossier des unit\u00e9s de montage automobile. Omar Rebrab a \u00e9voqu\u00e9 la mani\u00e8re dont le minist\u00e8re de l\u2019industrie de l\u2019\u00e9poque a trait\u00e9 son groupe. \u00ab J\u2019ai retir\u00e9 le cahier des [&hellip;]<\/p>\n","protected":false},"author":1740,"featured_media":0,"comment_status":"closed","ping_status":"closed","sticky":false,"template":"","format":"standard","meta":{"fifu_image_url":"","fifu_image_alt":"","footnotes":""},"categories":[53,76],"tags":[],"class_list":["post-78318","post","type-post","status-publish","format-standard","hentry","category-algerie","category-regions"],"_links":{"self":[{"href":"https:\/\/linitiative.ca\/International\/wp-json\/wp\/v2\/posts\/78318","targetHints":{"allow":["GET"]}}],"collection":[{"href":"https:\/\/linitiative.ca\/International\/wp-json\/wp\/v2\/posts"}],"about":[{"href":"https:\/\/linitiative.ca\/International\/wp-json\/wp\/v2\/types\/post"}],"author":[{"embeddable":true,"href":"https:\/\/linitiative.ca\/International\/wp-json\/wp\/v2\/users\/1740"}],"replies":[{"embeddable":true,"href":"https:\/\/linitiative.ca\/International\/wp-json\/wp\/v2\/comments?post=78318"}],"version-history":[{"count":0,"href":"https:\/\/linitiative.ca\/International\/wp-json\/wp\/v2\/posts\/78318\/revisions"}],"wp:attachment":[{"href":"https:\/\/linitiative.ca\/International\/wp-json\/wp\/v2\/media?parent=78318"}],"wp:term":[{"taxonomy":"category","embeddable":true,"href":"https:\/\/linitiative.ca\/International\/wp-json\/wp\/v2\/categories?post=78318"},{"taxonomy":"post_tag","embeddable":true,"href":"https:\/\/linitiative.ca\/International\/wp-json\/wp\/v2\/tags?post=78318"}],"curies":[{"name":"wp","href":"https:\/\/api.w.org\/{rel}","templated":true}]}}