{"id":78365,"date":"2020-03-07T05:43:31","date_gmt":"2020-03-07T10:43:31","guid":{"rendered":"https:\/\/linitiative.ca\/International\/dix-films-au-programme-de-la-troisieme-edition-du-festival-envirofest-tunisia\/"},"modified":"2020-03-07T05:43:31","modified_gmt":"2020-03-07T10:43:31","slug":"dix-films-au-programme-de-la-troisieme-edition-du-festival-envirofest-tunisia","status":"publish","type":"post","link":"https:\/\/linitiative.ca\/International\/dix-films-au-programme-de-la-troisieme-edition-du-festival-envirofest-tunisia\/","title":{"rendered":"Dix films au programme de la troisi\u00e8me \u00e9dition du festival EnviroFest Tunisia"},"content":{"rendered":"<p>La troisi\u00e8me \u00e9dition du festival du film environnemental EnviroFest Tunisia pr\u00e9voit cette ann\u00e9e la projection de 10 films de nationalit\u00e9 fran\u00e7aise, britannique, am\u00e9ricaine et canadienne et ce du 14 au 20 mars 2020 \u00e0 la cit\u00e9 de la culture. L\u2019ouverture sera marqu\u00e9e par la projection du film documentaire britannique \u201cThe Great Green Wall\u201d de Jared P Scott avec l\u2019artiste malienne Inna Modja qui l\u2019accompagne dans un voyage musico-\u00e9cologique le long d\u2019un projet d\u2019une grande muraille verte s\u2019\u00e9tendant du S\u00e9n\u00e9gal \u00e0 l\u2019Ethiopie pour aider \u00e0 comprendre que le probl\u00e8me de d\u00e9sertification n\u2019est plus uniquement un enjeu africain mais mondial.<\/p>\n<p>Le directeur du festival Hichem Belkhamsa a dans une conf\u00e9rence de presse organis\u00e9e \u00e0 la cit\u00e9 de la culture jeudi matin, indiqu\u00e9 que le festival se d\u00e9placera \u00e0 partir du mois de juin et jusqu\u2019au mois d\u2019octobre prochain dans 12 villes tunisiennes en l\u2019occurrence Sfax, Redeyef, la Marsa, Djerba, Bizerte, Monastir, El Haouaria, Kerkennah, le Kef, Gabes, Tataouine et Tozeur.<\/p>\n<p>Belkhamsa a, par ailleurs, tenu \u00e0 signaler que le festival organis\u00e9 en partenariat avec la Cin\u00e9math\u00e8que tunisienne vise \u00e0 d\u00e9passer le cadre cin\u00e9matographique en proposant des d\u00e9bats scientifiques s\u00e9rieux afin de plaider pour des causes essentielles tout en vulgarisant d\u2019une mani\u00e8re ludique les probl\u00e9matiques et les solutions \u00e0 la question environnementale qui se pose comme le d\u00e9fi majeur des ann\u00e9es \u00e0 venir.<\/p>\n<p>Il a, dans ce sens, indiqu\u00e9 que les conf\u00e9rences-d\u00e9bats auxquels prendront part des experts en mati\u00e8re d\u2019environnement et qui se tiendront dans les villes tunisiennes seront ax\u00e9es sur les sp\u00e9cificit\u00e9s environnementales de chaque r\u00e9gion ( eau, d\u00e9sertification, oasis etc) afin d\u2019interpeller le grand public en particulier les jeunes, cr\u00e9ant ainsi une prise de conscience et une envie d\u2019agir \u00e0 travers le prisme du cin\u00e9ma.<\/p>\n<p>Un \u00e9co-village sera install\u00e9 \u00e0 la cit\u00e9 de la culture offrant aux visiteurs de rencontrer les diff\u00e9rentes composantes de la soci\u00e9t\u00e9 civile active dans le domaine de l\u2019environnement.<span id=\"more-12912\"\/><\/p>\n<p>Parlant des films qui seront au programme il a expliqu\u00e9 que la Tunisie sera absente d\u00e8s lors que certains films ne sont pas encore pr\u00eats tenant \u00e0 signaler que les films s\u00e9lectionn\u00e9s sont de haute qualit\u00e9 artistique et traitent des probl\u00e9matiques et des grands enjeux environnementaux.<\/p>\n<div class=\"wp-post-author-wrap wp-post-author-shortcode left\">\n<h3 class=\"awpa-title\"\/>\n<div class=\"wp-post-author\">\n<div class=\"awpa-img awpa-author-block square\"><a href=\"http:\/\/lexpertjournal.net\/fr\/?author=5\"><img loading=\"lazy\" decoding=\"async\" alt=\"\" src=\"http:\/\/0.gravatar.com\/avatar\/97f8e10a1c1125ba104a76514ee07b16?s=150&amp;d=mm&amp;r=g\" srcset=\"http:\/\/0.gravatar.com\/avatar\/97f8e10a1c1125ba104a76514ee07b16?s=300&amp;d=mm&amp;r=g 2x\" class=\"avatar avatar-150 photo\" height=\"150\" width=\"150\"\/><\/a><\/div>\n<\/div>\n<\/div>\n<aside class=\"mashsb-container mashsb-main mashsb-stretched\">\n<\/aside>\n<p>Auteur: L&rsquo;expert<br \/>\n<a href=\"http:\/\/lexpertjournal.net\/fr\/?p=12912\">Cliquez ici pour lire l&rsquo;article depuis sa source.<\/a><\/p>\n","protected":false},"excerpt":{"rendered":"<p>La troisi\u00e8me \u00e9dition du festival du film environnemental EnviroFest Tunisia pr\u00e9voit cette ann\u00e9e la projection de 10 films de nationalit\u00e9 fran\u00e7aise, britannique, am\u00e9ricaine et canadienne et ce du 14 au 20 mars 2020 \u00e0 la cit\u00e9 de la culture. L\u2019ouverture sera marqu\u00e9e par la projection du film documentaire britannique \u201cThe Great Green Wall\u201d de Jared [&hellip;]<\/p>\n","protected":false},"author":1775,"featured_media":0,"comment_status":"closed","ping_status":"closed","sticky":false,"template":"","format":"standard","meta":{"fifu_image_url":"","fifu_image_alt":"","footnotes":""},"categories":[78,55],"tags":[],"class_list":["post-78365","post","type-post","status-publish","format-standard","hentry","category-economie","category-tunisie"],"_links":{"self":[{"href":"https:\/\/linitiative.ca\/International\/wp-json\/wp\/v2\/posts\/78365","targetHints":{"allow":["GET"]}}],"collection":[{"href":"https:\/\/linitiative.ca\/International\/wp-json\/wp\/v2\/posts"}],"about":[{"href":"https:\/\/linitiative.ca\/International\/wp-json\/wp\/v2\/types\/post"}],"author":[{"embeddable":true,"href":"https:\/\/linitiative.ca\/International\/wp-json\/wp\/v2\/users\/1775"}],"replies":[{"embeddable":true,"href":"https:\/\/linitiative.ca\/International\/wp-json\/wp\/v2\/comments?post=78365"}],"version-history":[{"count":0,"href":"https:\/\/linitiative.ca\/International\/wp-json\/wp\/v2\/posts\/78365\/revisions"}],"wp:attachment":[{"href":"https:\/\/linitiative.ca\/International\/wp-json\/wp\/v2\/media?parent=78365"}],"wp:term":[{"taxonomy":"category","embeddable":true,"href":"https:\/\/linitiative.ca\/International\/wp-json\/wp\/v2\/categories?post=78365"},{"taxonomy":"post_tag","embeddable":true,"href":"https:\/\/linitiative.ca\/International\/wp-json\/wp\/v2\/tags?post=78365"}],"curies":[{"name":"wp","href":"https:\/\/api.w.org\/{rel}","templated":true}]}}