{"id":78366,"date":"2020-03-07T05:50:06","date_gmt":"2020-03-07T10:50:06","guid":{"rendered":"https:\/\/linitiative.ca\/International\/plus-de-1600-logements-sociaux-sont-prets-a-la-livraison\/"},"modified":"2020-03-07T05:50:06","modified_gmt":"2020-03-07T10:50:06","slug":"plus-de-1600-logements-sociaux-sont-prets-a-la-livraison","status":"publish","type":"post","link":"https:\/\/linitiative.ca\/International\/plus-de-1600-logements-sociaux-sont-prets-a-la-livraison\/","title":{"rendered":"Plus de 1600 logements sociaux sont pr\u00eats \u00e0 la livraison"},"content":{"rendered":"<p>Le ministre de l\u2019Equipement, de l\u2019Habitat et de l\u2019Am\u00e9nagement du Territoire, Moncef Sliti a appel\u00e9, jeudi, \u00e0 acc\u00e9l\u00e9rer la remise des logements sociaux, d\u2019autant plus que 1613 unit\u00e9s sont pr\u00eats \u00e0 \u00eatre livr\u00e9s, \u00e0 l\u2019heure o\u00f9 le nombre de demandes a atteint 234 mille.<\/p>\n<p>Lors d\u2019une s\u00e9ance de travail tenue, au si\u00e8ge du minist\u00e8re, Sliti a indiqu\u00e9 que 6787 logements sociaux sont actuellement en cours de construction, ajoutant que 5100 nouveaux lotissements seront cr\u00e9es vers la fin de 2020.<\/p>\n<p>Le programme, a-t-il dit, pr\u00e9voit la construction de 13 mille logements sociaux avec un budget estim\u00e9 \u00e0 900 millions de dinars, mettant l\u2019accent sur la n\u00e9cessit\u00e9 d\u2019acc\u00e9l\u00e9rer la publication des listes d\u00e9finitives afin de livrer les logements \u00e0 leurs propri\u00e9taires.<\/p>\n<div class=\"wp-post-author-wrap wp-post-author-shortcode left\">\n<h3 class=\"awpa-title\"\/>\n<div class=\"wp-post-author\">\n<div class=\"awpa-img awpa-author-block square\"><a href=\"http:\/\/lexpertjournal.net\/fr\/?author=5\"><img loading=\"lazy\" decoding=\"async\" alt=\"\" src=\"http:\/\/0.gravatar.com\/avatar\/97f8e10a1c1125ba104a76514ee07b16?s=150&amp;d=mm&amp;r=g\" srcset=\"http:\/\/0.gravatar.com\/avatar\/97f8e10a1c1125ba104a76514ee07b16?s=300&amp;d=mm&amp;r=g 2x\" class=\"avatar avatar-150 photo\" height=\"150\" width=\"150\"\/><\/a><\/div>\n<\/div>\n<\/div>\n<aside class=\"mashsb-container mashsb-main mashsb-stretched\">\n<\/aside>\n<p>Auteur: L&rsquo;expert<br \/>\n<a href=\"http:\/\/lexpertjournal.net\/fr\/?p=12915\">Cliquez ici pour lire l&rsquo;article depuis sa source.<\/a><\/p>\n","protected":false},"excerpt":{"rendered":"<p>Le ministre de l\u2019Equipement, de l\u2019Habitat et de l\u2019Am\u00e9nagement du Territoire, Moncef Sliti a appel\u00e9, jeudi, \u00e0 acc\u00e9l\u00e9rer la remise des logements sociaux, d\u2019autant plus que 1613 unit\u00e9s sont pr\u00eats \u00e0 \u00eatre livr\u00e9s, \u00e0 l\u2019heure o\u00f9 le nombre de demandes a atteint 234 mille. Lors d\u2019une s\u00e9ance de travail tenue, au si\u00e8ge du minist\u00e8re, Sliti [&hellip;]<\/p>\n","protected":false},"author":1775,"featured_media":0,"comment_status":"closed","ping_status":"closed","sticky":false,"template":"","format":"standard","meta":{"fifu_image_url":"","fifu_image_alt":"","footnotes":""},"categories":[78,55],"tags":[],"class_list":["post-78366","post","type-post","status-publish","format-standard","hentry","category-economie","category-tunisie"],"_links":{"self":[{"href":"https:\/\/linitiative.ca\/International\/wp-json\/wp\/v2\/posts\/78366","targetHints":{"allow":["GET"]}}],"collection":[{"href":"https:\/\/linitiative.ca\/International\/wp-json\/wp\/v2\/posts"}],"about":[{"href":"https:\/\/linitiative.ca\/International\/wp-json\/wp\/v2\/types\/post"}],"author":[{"embeddable":true,"href":"https:\/\/linitiative.ca\/International\/wp-json\/wp\/v2\/users\/1775"}],"replies":[{"embeddable":true,"href":"https:\/\/linitiative.ca\/International\/wp-json\/wp\/v2\/comments?post=78366"}],"version-history":[{"count":0,"href":"https:\/\/linitiative.ca\/International\/wp-json\/wp\/v2\/posts\/78366\/revisions"}],"wp:attachment":[{"href":"https:\/\/linitiative.ca\/International\/wp-json\/wp\/v2\/media?parent=78366"}],"wp:term":[{"taxonomy":"category","embeddable":true,"href":"https:\/\/linitiative.ca\/International\/wp-json\/wp\/v2\/categories?post=78366"},{"taxonomy":"post_tag","embeddable":true,"href":"https:\/\/linitiative.ca\/International\/wp-json\/wp\/v2\/tags?post=78366"}],"curies":[{"name":"wp","href":"https:\/\/api.w.org\/{rel}","templated":true}]}}