{"id":78367,"date":"2020-03-07T06:42:00","date_gmt":"2020-03-07T11:42:00","guid":{"rendered":"https:\/\/linitiative.ca\/International\/coronavirus-deux-nouveaux-cas-confirmes-en-algerie\/"},"modified":"2020-03-07T06:42:00","modified_gmt":"2020-03-07T11:42:00","slug":"coronavirus-deux-nouveaux-cas-confirmes-en-algerie","status":"publish","type":"post","link":"https:\/\/linitiative.ca\/International\/coronavirus-deux-nouveaux-cas-confirmes-en-algerie\/","title":{"rendered":"Coronavirus : deux nouveaux cas confirm\u00e9s en Alg\u00e9rie"},"content":{"rendered":"<div id=\"originalText\" readability=\"49\">\n<p>Deux nouveaux cas de Coronavirus (Covid-19) ont \u00e9t\u00e9 confirm\u00e9s, ce samedi, en Alg\u00e9rie, a indiqu\u00e9 le minist\u00e8re de la Sant\u00e9, de la Population et de la R\u00e9forme hospitali\u00e8re dans un communiqu\u00e9 r\u00e9percut\u00e9 par l\u2019APS.<\/p>\n<p>Il s&rsquo;agit d&rsquo;un \u00ab\u00a0cas enregistr\u00e9 dans la m\u00eame famille o\u00f9 les cas ont \u00e9t\u00e9 pr\u00e9c\u00e9demment confirm\u00e9s\u00a0\u00bb, pr\u00e9cise le communiqu\u00e9, ajoutant que le \u00ab\u00a0deuxi\u00e8me cas est un ressortissant alg\u00e9rien ayant s\u00e9journ\u00e9 en Europe\u00a0\u00bb.<\/p>\n<p>Ainsi, avec ces deux nouveaux cas confirm\u00e9s, le nombre de personnes infect\u00e9es par ce nouveau virus passe \u00e0 19 cas.<\/p>\n<p class=\"c6\"><strong>R\u00e9daction Web<\/strong><\/p>\n<\/div>\n<div id=\"text_core\" readability=\"49\">\n<p>Deux nouveaux cas de Coronavirus (Covid-19) ont \u00e9t\u00e9 confirm\u00e9s, ce samedi, en Alg\u00e9rie, a indiqu\u00e9 le minist\u00e8re de la Sant\u00e9, de la Population et de la R\u00e9forme hospitali\u00e8re dans un communiqu\u00e9 r\u00e9percut\u00e9 par l\u2019APS.<\/p>\n<p>Il s&rsquo;agit d&rsquo;un \u00ab\u00a0cas enregistr\u00e9 dans la m\u00eame famille o\u00f9 les cas ont \u00e9t\u00e9 pr\u00e9c\u00e9demment confirm\u00e9s\u00a0\u00bb, pr\u00e9cise le communiqu\u00e9, ajoutant que le \u00ab\u00a0deuxi\u00e8me cas est un ressortissant alg\u00e9rien ayant s\u00e9journ\u00e9 en Europe\u00a0\u00bb.<\/p>\n<p>Ainsi, avec ces deux nouveaux cas confirm\u00e9s, le nombre de personnes infect\u00e9es par ce nouveau virus passe \u00e0 19 cas.<\/p>\n<p class=\"c6\"><strong>R\u00e9daction Web<\/strong><\/p>\n<\/div>\n<p>Auteur:<br \/>\n<a href=\"https:\/\/www.liberte-algerie.com\/actualite\/coronavirus-deux-nouveaux-cas-confirmes-en-algerie-335347\">Cliquez ici pour lire l&rsquo;article depuis sa source.<\/a><\/p>\n","protected":false},"excerpt":{"rendered":"<p>Deux nouveaux cas de Coronavirus (Covid-19) ont \u00e9t\u00e9 confirm\u00e9s, ce samedi, en Alg\u00e9rie, a indiqu\u00e9 le minist\u00e8re de la Sant\u00e9, de la Population et de la R\u00e9forme hospitali\u00e8re dans un communiqu\u00e9 r\u00e9percut\u00e9 par l\u2019APS. Il s&rsquo;agit d&rsquo;un \u00ab\u00a0cas enregistr\u00e9 dans la m\u00eame famille o\u00f9 les cas ont \u00e9t\u00e9 pr\u00e9c\u00e9demment confirm\u00e9s\u00a0\u00bb, pr\u00e9cise le communiqu\u00e9, ajoutant que [&hellip;]<\/p>\n","protected":false},"author":1742,"featured_media":0,"comment_status":"closed","ping_status":"closed","sticky":false,"template":"","format":"standard","meta":{"fifu_image_url":"","fifu_image_alt":"","footnotes":""},"categories":[73,53],"tags":[],"class_list":["post-78367","post","type-post","status-publish","format-standard","hentry","category-actualite","category-algerie"],"_links":{"self":[{"href":"https:\/\/linitiative.ca\/International\/wp-json\/wp\/v2\/posts\/78367","targetHints":{"allow":["GET"]}}],"collection":[{"href":"https:\/\/linitiative.ca\/International\/wp-json\/wp\/v2\/posts"}],"about":[{"href":"https:\/\/linitiative.ca\/International\/wp-json\/wp\/v2\/types\/post"}],"author":[{"embeddable":true,"href":"https:\/\/linitiative.ca\/International\/wp-json\/wp\/v2\/users\/1742"}],"replies":[{"embeddable":true,"href":"https:\/\/linitiative.ca\/International\/wp-json\/wp\/v2\/comments?post=78367"}],"version-history":[{"count":0,"href":"https:\/\/linitiative.ca\/International\/wp-json\/wp\/v2\/posts\/78367\/revisions"}],"wp:attachment":[{"href":"https:\/\/linitiative.ca\/International\/wp-json\/wp\/v2\/media?parent=78367"}],"wp:term":[{"taxonomy":"category","embeddable":true,"href":"https:\/\/linitiative.ca\/International\/wp-json\/wp\/v2\/categories?post=78367"},{"taxonomy":"post_tag","embeddable":true,"href":"https:\/\/linitiative.ca\/International\/wp-json\/wp\/v2\/tags?post=78367"}],"curies":[{"name":"wp","href":"https:\/\/api.w.org\/{rel}","templated":true}]}}