{"id":78368,"date":"2020-03-07T08:38:00","date_gmt":"2020-03-07T13:38:00","guid":{"rendered":"https:\/\/linitiative.ca\/International\/des-centaines-de-manifestants-dans-la-rue-video\/"},"modified":"2020-03-07T08:38:00","modified_gmt":"2020-03-07T13:38:00","slug":"des-centaines-de-manifestants-dans-la-rue-video","status":"publish","type":"post","link":"https:\/\/linitiative.ca\/International\/des-centaines-de-manifestants-dans-la-rue-video\/","title":{"rendered":"Des centaines de manifestants dans la rue (Vid\u00e9o)"},"content":{"rendered":"<div id=\"originalText\" readability=\"41\">\n<p>Apr\u00e8s un bref rassemblement au niveau de l&rsquo;Avenue Victor Hugo, des centaines de manifestants ont investit, cet apr\u00e8s-midi, la rue Didouche Mourad pour marcher vers la Grande Poste.\u00a0<\/p>\n<p><iframe loading=\"lazy\" allowfullscreen=\"true\" allowtransparency=\"true\" frameborder=\"0\" height=\"280\" scrolling=\"no\" src=\"https:\/\/www.facebook.com\/plugins\/video.php?href=https%3A%2F%2Fwww.facebook.com%2FJournaLiberteOfficiel%2Fvideos%2F190014579108486%2F&amp;show_text=0&amp;width=560\" class=\"c6\" width=\"560\">[embedded content]<\/iframe><\/p>\n<p>Un cordon s\u00e9curitaire\u00a0a \u00e9t\u00e9 toutefois dress\u00e9 \u00e0 hauteur de la Place Audin, pour emp\u00eacher la progression des manifestants qui scandent \u00ab\u00a0Etat civil et non militaire\u00a0\u00bb. La police a d\u00e9j\u00e0 proc\u00e9d\u00e9 \u00e0 plusieurs arrestations.\u00a0<\/p>\n<p><iframe loading=\"lazy\" allowfullscreen=\"true\" allowtransparency=\"true\" frameborder=\"0\" height=\"315\" scrolling=\"no\" src=\"https:\/\/www.facebook.com\/plugins\/video.php?href=https%3A%2F%2Fwww.facebook.com%2FJournaLiberteOfficiel%2Fvideos%2F499754534030158%2F&amp;show_text=0&amp;width=560\" class=\"c6\" width=\"560\">[embedded content]<\/iframe><\/p>\n<p class=\"c7\"><strong>R\u00e9daction Web\u00a0<\/strong><\/p>\n<\/div>\n<div id=\"text_core\" readability=\"41\">\n<p>Apr\u00e8s un bref rassemblement au niveau de l&rsquo;Avenue Victor Hugo, des centaines de manifestants ont investit, cet apr\u00e8s-midi, la rue Didouche Mourad pour marcher vers la Grande Poste.\u00a0<\/p>\n<p><iframe loading=\"lazy\" allowfullscreen=\"true\" allowtransparency=\"true\" frameborder=\"0\" height=\"280\" scrolling=\"no\" src=\"https:\/\/www.facebook.com\/plugins\/video.php?href=https%3A%2F%2Fwww.facebook.com%2FJournaLiberteOfficiel%2Fvideos%2F190014579108486%2F&amp;show_text=0&amp;width=560\" class=\"c6\" width=\"560\">[embedded content]<\/iframe><\/p>\n<p>Un cordon s\u00e9curitaire\u00a0a \u00e9t\u00e9 toutefois dress\u00e9 \u00e0 hauteur de la Place Audin, pour emp\u00eacher la progression des manifestants qui scandent \u00ab\u00a0Etat civil et non militaire\u00a0\u00bb. La police a d\u00e9j\u00e0 proc\u00e9d\u00e9 \u00e0 plusieurs arrestations.\u00a0<\/p>\n<p><iframe loading=\"lazy\" allowfullscreen=\"true\" allowtransparency=\"true\" frameborder=\"0\" height=\"315\" scrolling=\"no\" src=\"https:\/\/www.facebook.com\/plugins\/video.php?href=https%3A%2F%2Fwww.facebook.com%2FJournaLiberteOfficiel%2Fvideos%2F499754534030158%2F&amp;show_text=0&amp;width=560\" class=\"c6\" width=\"560\">[embedded content]<\/iframe><\/p>\n<p class=\"c7\"><strong>R\u00e9daction Web\u00a0<\/strong><\/p>\n<\/div>\n<p>Auteur:<br \/>\n<a href=\"https:\/\/www.liberte-algerie.com\/actualite\/des-centaines-de-manifestants-dans-la-rue-video-335348\">Cliquez ici pour lire l&rsquo;article depuis sa source.<\/a><\/p>\n","protected":false},"excerpt":{"rendered":"<p>Apr\u00e8s un bref rassemblement au niveau de l&rsquo;Avenue Victor Hugo, des centaines de manifestants ont investit, cet apr\u00e8s-midi, la rue Didouche Mourad pour marcher vers la Grande Poste.\u00a0 [embedded content] Un cordon s\u00e9curitaire\u00a0a \u00e9t\u00e9 toutefois dress\u00e9 \u00e0 hauteur de la Place Audin, pour emp\u00eacher la progression des manifestants qui scandent \u00ab\u00a0Etat civil et non militaire\u00a0\u00bb. [&hellip;]<\/p>\n","protected":false},"author":1742,"featured_media":0,"comment_status":"closed","ping_status":"closed","sticky":false,"template":"","format":"standard","meta":{"fifu_image_url":"","fifu_image_alt":"","footnotes":""},"categories":[73,53],"tags":[],"class_list":["post-78368","post","type-post","status-publish","format-standard","hentry","category-actualite","category-algerie"],"_links":{"self":[{"href":"https:\/\/linitiative.ca\/International\/wp-json\/wp\/v2\/posts\/78368","targetHints":{"allow":["GET"]}}],"collection":[{"href":"https:\/\/linitiative.ca\/International\/wp-json\/wp\/v2\/posts"}],"about":[{"href":"https:\/\/linitiative.ca\/International\/wp-json\/wp\/v2\/types\/post"}],"author":[{"embeddable":true,"href":"https:\/\/linitiative.ca\/International\/wp-json\/wp\/v2\/users\/1742"}],"replies":[{"embeddable":true,"href":"https:\/\/linitiative.ca\/International\/wp-json\/wp\/v2\/comments?post=78368"}],"version-history":[{"count":0,"href":"https:\/\/linitiative.ca\/International\/wp-json\/wp\/v2\/posts\/78368\/revisions"}],"wp:attachment":[{"href":"https:\/\/linitiative.ca\/International\/wp-json\/wp\/v2\/media?parent=78368"}],"wp:term":[{"taxonomy":"category","embeddable":true,"href":"https:\/\/linitiative.ca\/International\/wp-json\/wp\/v2\/categories?post=78368"},{"taxonomy":"post_tag","embeddable":true,"href":"https:\/\/linitiative.ca\/International\/wp-json\/wp\/v2\/tags?post=78368"}],"curies":[{"name":"wp","href":"https:\/\/api.w.org\/{rel}","templated":true}]}}