{"id":78373,"date":"2020-03-07T13:48:34","date_gmt":"2020-03-07T18:48:34","guid":{"rendered":"https:\/\/linitiative.ca\/International\/la-creativite-litteraire-des-femmes-a-lhonneur\/"},"modified":"2020-03-07T13:48:34","modified_gmt":"2020-03-07T18:48:34","slug":"la-creativite-litteraire-des-femmes-a-lhonneur","status":"publish","type":"post","link":"https:\/\/linitiative.ca\/International\/la-creativite-litteraire-des-femmes-a-lhonneur\/","title":{"rendered":"La cr\u00e9ativit\u00e9 litt\u00e9raire des femmes \u00e0 l\u2019honneur"},"content":{"rendered":"<div readability=\"37\">\n<p>Essaouira- La cr\u00e9ativit\u00e9 litt\u00e9raire des femmes est \u00e0 l\u2019honneur, du 6 au 8 mars dans la cit\u00e9 des Aliz\u00e9s, \u00e0 l\u2019occasion de la deuxi\u00e8me \u00e9dition du Salon du livre f\u00e9minin, un rendez-vous culturel organis\u00e9 \u00e0 l\u2019initiative de l\u2019Association f\u00e9minine El Khir \u00e0 Essaouira.<\/p>\n<\/div>\n<div readability=\"111\">\n<p>Initi\u00e9 en coordination avec la Fondation \u00ab\u00a0Afaq\u00a0\u00bb pour les \u00e9tudes, l\u2019\u00e9dition et la communication et d\u2019autres partenaires, sous le th\u00e8me \u00ab\u00a0La cr\u00e9ativit\u00e9 f\u00e9minine, levier de d\u00e9veloppement social\u00a0\u00bb, cette manifestation, qui s\u2019inscrit dans le cadre des festivit\u00e9s c\u00e9l\u00e9brant la Journ\u00e9e internationale de la Femme, se veut un cadre privil\u00e9gi\u00e9 pour favoriser une meilleure connaissance des \u00e9nergies cr\u00e9atrices des femmes marocaines, notamment sur le plan culturel.<\/p>\n<p>Elle repr\u00e9sente aussi un lieu de rencontre, d\u2019\u00e9change et de partage autour de la litt\u00e9rature marocaine au f\u00e9minin, ainsi qu\u2019un espace idoine pour mettre en \u00e9vidence la diversit\u00e9 et la richesse de la sc\u00e8ne culturelle et litt\u00e9raire marocaine, gr\u00e2ce \u00e0 la contribution des talents f\u00e9minins qui n\u2019ont rien \u00e0 envier \u00e0 leurs homologues masculins dans ce domaine.<\/p>\n<p>La premi\u00e8re journ\u00e9e de cet \u00e9v\u00e9nement a \u00e9t\u00e9 marqu\u00e9e par une conf\u00e9rence consacr\u00e9e \u00e0 la question du mariage des mineures au niveau de la province d\u2019Essaouira, avec pour objectif d\u2019aboutir \u00e0 une strat\u00e9gie, dans le cadre d\u2019une approche participative, en vue de l\u2019\u00e9radication de ce ph\u00e9nom\u00e8ne social.<\/p>\n<p>Rehauss\u00e9e par la pr\u00e9sence d\u2019un parterre de professeurs universitaires, de magistrats et de repr\u00e9sentants de la soci\u00e9t\u00e9 civile et d\u2019organisations f\u00e9minines, cette rencontre vise \u00e0 mettre le doigt sur les raisons et les facteurs, notamment d\u2019ordre \u00e9conomique et social, \u00e0 l\u2019origine de l\u2019amplification de ce fl\u00e9au au niveau de la province, sans oublier la question de la d\u00e9perdition scolaire qui demeure l\u2019une des principales r\u00e9sultantes du mariage des mineures.<\/p>\n<p>Dans une d\u00e9claration \u00e0 la MAP, Mme Souad Dibi, Coordinatrice des projets de l\u2019Association f\u00e9minine El Khir \u00e0\u00a0Essaouira, a soulign\u00e9 que ce Salon du livre f\u00e9minin constitue une occasion appropri\u00e9e pour rendre un hommage appuy\u00e9 \u00e0 la gent f\u00e9minine marocaine et \u00e0 ses riches contributions dans divers domaines, notamment le champ culturel et litt\u00e9raire.<\/p>\n<p>Cet \u00e9v\u00e9nement est \u00e9galement une opportunit\u00e9 propice pour promouvoir la cr\u00e9ativit\u00e9 des femmes, \u00e0 travers une panoplie d\u2019activit\u00e9s visant \u00e0 jeter la lumi\u00e8re sur l\u2019\u00e9criture au f\u00e9minin, a-t-elle ajout\u00e9.<\/p>\n<p>Mme Dibi a indiqu\u00e9 que le Salon accueille cette ann\u00e9e une pl\u00e9iade de femmes \u00e9crivaines et po\u00e9tesses issues de plusieurs villes du Royaume, qui auront l\u2019occasion, trois jours durant, d\u2019interagir et d\u2019\u00e9changer avec le public Souiri, parmi les r\u00e9sidents et les visiteurs, autour de leurs \u0153uvres et publications litt\u00e9raires expos\u00e9es \u00e0 cette occasion, tout en leur offrant l\u2019opportunit\u00e9 de mettre en exergue le r\u00f4le agissant et incontournable de la femme dans la r\u00e9alisation du d\u00e9veloppement, notamment social, d\u2019o\u00f9, a-t-elle fait remarquer, le choix du th\u00e8me de cette ann\u00e9e.<\/p>\n<p>Elle a, en outre, expliqu\u00e9 que cette jeune manifestation est marqu\u00e9e aussi par l\u2019organisation, entre autres, de s\u00e9ances de lectures de po\u00e8mes et de textes litt\u00e9raires ainsi que d\u2019ateliers de dessins pour enfants, et sera cl\u00f4tur\u00e9e par un spectacle musical c\u00e9l\u00e9brant la musique et l\u2019art gnaouis.<\/p>\n<p>Et Mme Dibi de conclure que cet \u00e9v\u00e9nement permettra de contribuer \u00e0 la dynamique culturelle et litt\u00e9raire vertueuse que conna\u00eet la ville d\u2019Essaouira\u00a0tout au long de l\u2019ann\u00e9e.<\/p>\n<\/div>\n<p>Auteur: Mohammed KOURSI<br \/>\n<a href=\"http:\/\/www.mapmarrakech.ma\/fr\/la-creativite-litteraire-des-femmes-a-lhonneur\/\">Cliquez ici pour lire l&rsquo;article depuis sa source.<\/a><\/p>\n","protected":false},"excerpt":{"rendered":"<p>Essaouira- La cr\u00e9ativit\u00e9 litt\u00e9raire des femmes est \u00e0 l\u2019honneur, du 6 au 8 mars dans la cit\u00e9 des Aliz\u00e9s, \u00e0 l\u2019occasion de la deuxi\u00e8me \u00e9dition du Salon du livre f\u00e9minin, un rendez-vous culturel organis\u00e9 \u00e0 l\u2019initiative de l\u2019Association f\u00e9minine El Khir \u00e0 Essaouira. Initi\u00e9 en coordination avec la Fondation \u00ab\u00a0Afaq\u00a0\u00bb pour les \u00e9tudes, l\u2019\u00e9dition et [&hellip;]<\/p>\n","protected":false},"author":1788,"featured_media":0,"comment_status":"closed","ping_status":"closed","sticky":false,"template":"","format":"standard","meta":{"fifu_image_url":"","fifu_image_alt":"","footnotes":""},"categories":[54,76],"tags":[],"class_list":["post-78373","post","type-post","status-publish","format-standard","hentry","category-maroc","category-regions"],"_links":{"self":[{"href":"https:\/\/linitiative.ca\/International\/wp-json\/wp\/v2\/posts\/78373","targetHints":{"allow":["GET"]}}],"collection":[{"href":"https:\/\/linitiative.ca\/International\/wp-json\/wp\/v2\/posts"}],"about":[{"href":"https:\/\/linitiative.ca\/International\/wp-json\/wp\/v2\/types\/post"}],"author":[{"embeddable":true,"href":"https:\/\/linitiative.ca\/International\/wp-json\/wp\/v2\/users\/1788"}],"replies":[{"embeddable":true,"href":"https:\/\/linitiative.ca\/International\/wp-json\/wp\/v2\/comments?post=78373"}],"version-history":[{"count":0,"href":"https:\/\/linitiative.ca\/International\/wp-json\/wp\/v2\/posts\/78373\/revisions"}],"wp:attachment":[{"href":"https:\/\/linitiative.ca\/International\/wp-json\/wp\/v2\/media?parent=78373"}],"wp:term":[{"taxonomy":"category","embeddable":true,"href":"https:\/\/linitiative.ca\/International\/wp-json\/wp\/v2\/categories?post=78373"},{"taxonomy":"post_tag","embeddable":true,"href":"https:\/\/linitiative.ca\/International\/wp-json\/wp\/v2\/tags?post=78373"}],"curies":[{"name":"wp","href":"https:\/\/api.w.org\/{rel}","templated":true}]}}