{"id":78375,"date":"2020-03-07T13:12:44","date_gmt":"2020-03-07T18:12:44","guid":{"rendered":"https:\/\/linitiative.ca\/International\/ouargla-manifestations-du-7-mars-1962-de-touggourt-rejet-categorique-des-desseins-coloniaux-de-separation-du-sahara-du-reste-du-pays\/"},"modified":"2020-03-07T13:12:44","modified_gmt":"2020-03-07T18:12:44","slug":"ouargla-manifestations-du-7-mars-1962-de-touggourt-rejet-categorique-des-desseins-coloniaux-de-separation-du-sahara-du-reste-du-pays","status":"publish","type":"post","link":"https:\/\/linitiative.ca\/International\/ouargla-manifestations-du-7-mars-1962-de-touggourt-rejet-categorique-des-desseins-coloniaux-de-separation-du-sahara-du-reste-du-pays\/","title":{"rendered":"Ouargla\/manifestations du 7 mars 1962 de Touggourt: rejet cat\u00e9gorique des desseins coloniaux de s\u00e9paration du Sahara du reste du pays"},"content":{"rendered":"<div readability=\"35\">\n<p><strong>OUARGLA- Les manifestations du 7 mars 1962 de Touggourt\u00a0 traduisent le rejet cat\u00e9gorique du peuple alg\u00e9rien des desseins coloniaux visant la s\u00e9paration du Sahara du reste du pays, a soulign\u00e9 samedi un membre du Conseil scientifique du mus\u00e9e du Moudjahid de Touggourt (Ouargla).<\/strong><\/p>\n<\/div>\n<div readability=\"71\">\n<p>Lors de son intervention \u00e0 l\u2019occasion des festivit\u00e9s comm\u00e9moratives du 58\u00e8me anniversaire de ces manifestations, tenues \u00e0 l\u2019Institut national sp\u00e9cialis\u00e9 de la formation professionnelle \u00ab\u00a0Chahid Merkhoufi Hocine\u00a0\u00bb de Touggourt, M. Abdelhamid Yakoubi a soutenu que \u00ab\u00a0ce soul\u00e8vement populaire, prolongement de ceux du 27 f\u00e9vrier 1962 qu\u2019a v\u00e9cus la ville d&rsquo;Ouargla, traduisent le rejet cat\u00e9gorique des vis\u00e9es coloniales portant s\u00e9paration du Sahara du reste du pays\u00a0\u00bb.<\/p>\n<blockquote readability=\"9\">\n<p><strong><em>Le conf\u00e9rencier a indiqu\u00e9 que \u00ab\u00a0les imposantes manifestations populaires qui ont eu lieu dans les villes respectives d\u2019Ouargla et de Touggourt, constituent un soutien au gouvernement provisoire de la R\u00e9publique alg\u00e9rienne (GPRA) et \u00e0 la d\u00e9l\u00e9gation alg\u00e9rienne ayant conduit les n\u00e9gociations d\u2019Evian\u00a0\u00bb.<\/em><\/strong><\/p>\n<\/blockquote>\n<p>Les populations locales, qui ont manifest\u00e9 en cette date devant le si\u00e8ge de l\u2019administration coloniale, ont brandi les couleurs nationales clamant des slogans refl\u00e9tant leur attachement \u00e0 l\u2019unit\u00e9 indivisible du territoire national, \u00e0 l\u2019ind\u00e9pendance de l\u2019Alg\u00e9rie, le rejet de toute tentative de s\u00e9paration du Sahara du reste du pays et leur soutien ind\u00e9fectible au gouvernement provisoire de la R\u00e9publique alg\u00e9rienne.<\/p>\n<p>Les forces coloniales ont recouru \u00e0 la mobilisation de moyens mat\u00e9riels et humains pour venir \u00e0 bout de cette r\u00e9sistance populaire.Plac\u00e9es sous le signe \u00ab\u00a0manifestations du 7 mars 1962, confirmation de l\u2019unit\u00e9 nationale\u00a0\u00bb, cette comm\u00e9moration a \u00e9t\u00e9 marqu\u00e9e par l&rsquo;animation de plusieurs activit\u00e9s historiques, culturelles et sportives.<\/p>\n<p>Les autorit\u00e9s locales ont mis \u00e0 profit cette comm\u00e9moration pour visiter le centre de d\u00e9tention et de torture de Touggourt, \u00e9rig\u00e9 en 1957 par les forces coloniales pour constituer un t\u00e9moignage mat\u00e9riel plausible sur les atrocit\u00e9s perp\u00e9tr\u00e9es aussi bien sur les Moudjahidine que sur les civils par l\u2019occupant fran\u00e7ais.<\/p>\n<p>Le wali de Ouargla, Abou- Bakr-Seddik Boucetta a, \u00e0 cette occasion donn\u00e9 le coup d\u2019envoi d\u2019un tournoi de football avec la participation de quatre \u00e9quipes des services de la Protection civile et de la S\u00fbret\u00e9 nationale.<\/p>\n<\/div>\n<p>Auteur:<br \/>\n<a href=\"http:\/\/www.aps.dz\/regions\/102671-ouargla-manifestations-du-7-mars-1962-de-touggourt-rejet-categorique-des-desseins-coloniaux-de-separation-du-sahara-du-reste-du-pays\">Cliquez ici pour lire l&rsquo;article depuis sa source.<\/a><\/p>\n","protected":false},"excerpt":{"rendered":"<p>OUARGLA- Les manifestations du 7 mars 1962 de Touggourt\u00a0 traduisent le rejet cat\u00e9gorique du peuple alg\u00e9rien des desseins coloniaux visant la s\u00e9paration du Sahara du reste du pays, a soulign\u00e9 samedi un membre du Conseil scientifique du mus\u00e9e du Moudjahid de Touggourt (Ouargla). Lors de son intervention \u00e0 l\u2019occasion des festivit\u00e9s comm\u00e9moratives du 58\u00e8me anniversaire [&hellip;]<\/p>\n","protected":false},"author":1790,"featured_media":0,"comment_status":"closed","ping_status":"closed","sticky":false,"template":"","format":"standard","meta":{"fifu_image_url":"","fifu_image_alt":"","footnotes":""},"categories":[53,76],"tags":[],"class_list":["post-78375","post","type-post","status-publish","format-standard","hentry","category-algerie","category-regions"],"_links":{"self":[{"href":"https:\/\/linitiative.ca\/International\/wp-json\/wp\/v2\/posts\/78375","targetHints":{"allow":["GET"]}}],"collection":[{"href":"https:\/\/linitiative.ca\/International\/wp-json\/wp\/v2\/posts"}],"about":[{"href":"https:\/\/linitiative.ca\/International\/wp-json\/wp\/v2\/types\/post"}],"author":[{"embeddable":true,"href":"https:\/\/linitiative.ca\/International\/wp-json\/wp\/v2\/users\/1790"}],"replies":[{"embeddable":true,"href":"https:\/\/linitiative.ca\/International\/wp-json\/wp\/v2\/comments?post=78375"}],"version-history":[{"count":0,"href":"https:\/\/linitiative.ca\/International\/wp-json\/wp\/v2\/posts\/78375\/revisions"}],"wp:attachment":[{"href":"https:\/\/linitiative.ca\/International\/wp-json\/wp\/v2\/media?parent=78375"}],"wp:term":[{"taxonomy":"category","embeddable":true,"href":"https:\/\/linitiative.ca\/International\/wp-json\/wp\/v2\/categories?post=78375"},{"taxonomy":"post_tag","embeddable":true,"href":"https:\/\/linitiative.ca\/International\/wp-json\/wp\/v2\/tags?post=78375"}],"curies":[{"name":"wp","href":"https:\/\/api.w.org\/{rel}","templated":true}]}}