{"id":78379,"date":"2020-03-07T15:14:24","date_gmt":"2020-03-07T20:14:24","guid":{"rendered":"https:\/\/linitiative.ca\/International\/pros-asse-boudebouz-cest-la-premiere-fois-que-je-pleure-pour-du-football\/"},"modified":"2020-03-07T15:14:24","modified_gmt":"2020-03-07T20:14:24","slug":"pros-asse-boudebouz-cest-la-premiere-fois-que-je-pleure-pour-du-football","status":"publish","type":"post","link":"https:\/\/linitiative.ca\/International\/pros-asse-boudebouz-cest-la-premiere-fois-que-je-pleure-pour-du-football\/","title":{"rendered":"Pros : ASSE &#8211; Boudebouz : \u00ab\u00a0C&rsquo;est la premi\u00e8re fois que je pleure pour du football\u00a0\u00bb"},"content":{"rendered":"<div readability=\"32\">\n<p>Auteur : <span class=\"time\">samedi 07 mars 2020 11:33<\/span><\/p>\n<\/div>\n<div id=\"post_core\" readability=\"57\">\n<p>Une mani\u00e8re pour lui d\u2019\u00e9vacuer la frustration li\u00e9e aux critiques sur son implication chez les Verts.<\/p>\n<p>\u00ab\u00a0Je n&rsquo;ai pas chang\u00e9. Je me suis toujours entra\u00een\u00e9 \u00e0 fond, en restant dans ma bulle. On peut critiquer la performance. Pas en dehors du terrain, sans savoir ce qui se passe. \u00c7a, c&rsquo;est trop facile et blessant. C&rsquo;est pour \u00e7a que j&rsquo;ai pleur\u00e9, dans le vestiaire, a expliqu\u00e9 le milieu offensif \u00e0 L\u2019Equipe. Cela ne m&rsquo;\u00e9tait jamais arriv\u00e9 de pleurer pour du football. Je n&rsquo;aime pas montrer mes \u00e9motions. Mais l\u00e0, tout est sorti d&rsquo;un coup.\u00a0\u00bb<\/p>\n<p>\u00ab\u00a0J&rsquo;ai accumul\u00e9 tellement de frustration apr\u00e8s avoir \u00e9t\u00e9 siffl\u00e9 pendant presque toute la saison, que ce but, c&rsquo;est une d\u00e9livrance, un soulagement, le plus important de ma carri\u00e8re, a ajout\u00e9 l\u2019international alg\u00e9rien. Quand ils m&rsquo;ont vu pleurer, tous mes \u00e9quipiers sont venus me voir, dans le vestiaire. Ils \u00e9taient tous contents pour moi, m\u00eame ceux avec lesquels je n&rsquo;ai pas sp\u00e9cialement d&rsquo;affinit\u00e9s. C&rsquo;est dans ce moment-l\u00e0 que l&rsquo;on voit qu&rsquo;on est une vraie \u00e9quipe.\u00a0\u00bb Des propos relay\u00e9s par Maxifoot.<\/p>\n<p><strong>Publi\u00e9 dans :<\/strong> <span>boudebouz<\/span><\/p>\n<\/div>\n<p>Auteur:<br \/>\n<a href=\"http:\/\/www.lebuteur.com\/article\/detail?titre=asse-boudebouz-cest-la-premiere-fois-que-je-pleure-pour-du-football&#038;id=95173&#038;utm_source=feedburner&#038;utm_medium=feed&#038;utm_campaign=Feed%3A+GalerieFArtciles+%28Les+derniers+articles++-+lebuteur.com%29\">Cliquez ici pour lire l&rsquo;article depuis sa source.<\/a><\/p>\n","protected":false},"excerpt":{"rendered":"<p>Auteur : samedi 07 mars 2020 11:33 Une mani\u00e8re pour lui d\u2019\u00e9vacuer la frustration li\u00e9e aux critiques sur son implication chez les Verts. \u00ab\u00a0Je n&rsquo;ai pas chang\u00e9. Je me suis toujours entra\u00een\u00e9 \u00e0 fond, en restant dans ma bulle. On peut critiquer la performance. Pas en dehors du terrain, sans savoir ce qui se passe. [&hellip;]<\/p>\n","protected":false},"author":1738,"featured_media":78380,"comment_status":"closed","ping_status":"closed","sticky":false,"template":"","format":"standard","meta":{"fifu_image_url":"","fifu_image_alt":"","footnotes":""},"categories":[53,75],"tags":[],"class_list":["post-78379","post","type-post","status-publish","format-standard","has-post-thumbnail","hentry","category-algerie","category-sport"],"_links":{"self":[{"href":"https:\/\/linitiative.ca\/International\/wp-json\/wp\/v2\/posts\/78379","targetHints":{"allow":["GET"]}}],"collection":[{"href":"https:\/\/linitiative.ca\/International\/wp-json\/wp\/v2\/posts"}],"about":[{"href":"https:\/\/linitiative.ca\/International\/wp-json\/wp\/v2\/types\/post"}],"author":[{"embeddable":true,"href":"https:\/\/linitiative.ca\/International\/wp-json\/wp\/v2\/users\/1738"}],"replies":[{"embeddable":true,"href":"https:\/\/linitiative.ca\/International\/wp-json\/wp\/v2\/comments?post=78379"}],"version-history":[{"count":0,"href":"https:\/\/linitiative.ca\/International\/wp-json\/wp\/v2\/posts\/78379\/revisions"}],"wp:featuredmedia":[{"embeddable":true,"href":"https:\/\/linitiative.ca\/International\/wp-json\/"}],"wp:attachment":[{"href":"https:\/\/linitiative.ca\/International\/wp-json\/wp\/v2\/media?parent=78379"}],"wp:term":[{"taxonomy":"category","embeddable":true,"href":"https:\/\/linitiative.ca\/International\/wp-json\/wp\/v2\/categories?post=78379"},{"taxonomy":"post_tag","embeddable":true,"href":"https:\/\/linitiative.ca\/International\/wp-json\/wp\/v2\/tags?post=78379"}],"curies":[{"name":"wp","href":"https:\/\/api.w.org\/{rel}","templated":true}]}}