{"id":78381,"date":"2020-03-07T15:14:26","date_gmt":"2020-03-07T20:14:26","guid":{"rendered":"https:\/\/linitiative.ca\/International\/pros-al-rayyan-brahimi-prend-le-dessus-sur-bounedjah-dans-le-derby-du-qatar\/"},"modified":"2020-03-07T15:14:26","modified_gmt":"2020-03-07T20:14:26","slug":"pros-al-rayyan-brahimi-prend-le-dessus-sur-bounedjah-dans-le-derby-du-qatar","status":"publish","type":"post","link":"https:\/\/linitiative.ca\/International\/pros-al-rayyan-brahimi-prend-le-dessus-sur-bounedjah-dans-le-derby-du-qatar\/","title":{"rendered":"Pros : Al Rayyan : Brahimi prend le dessus sur Bounedjah dans le derby du Qatar"},"content":{"rendered":"<div readability=\"32\">\n<p>Auteur : <span class=\"time\">samedi 07 mars 2020 19:32<\/span><\/p>\n<\/div>\n<div id=\"post_core\" readability=\"34\">\n<p>Brahimi et ses co\u00e9quipiers ont ouvert le score tr\u00e8s t\u00f4t dans la rencontre par l&rsquo;interm\u00e9diaire de Fanck Kom. Le score en restera l\u00e0 et Al Rayyan se maintient \u00e0 la deuxi\u00e8me place du classement \u00e0 quatre points derri\u00e8re Lakhwiya.<\/p>\n<p><iframe loading=\"lazy\" allow=\"accelerometer; autoplay; encrypted-media; gyroscope; picture-in-picture\" allowfullscreen=\"\" frameborder=\"0\" height=\"315\" src=\"https:\/\/www.youtube.com\/embed\/DUoYY5rOnTQ\" width=\"560\">[embedded content]<\/iframe><\/p>\n<p><strong>Publi\u00e9 dans :<\/strong> <span>Al Rayyan<\/span><\/p>\n<\/div>\n<p>Auteur:<br \/>\n<a href=\"http:\/\/www.lebuteur.com\/article\/detail?titre=al-rayyan-brahimi-prend-le-dessus-sur-bounedjah-dans-le-derby-du-qatar&#038;id=95174&#038;utm_source=feedburner&#038;utm_medium=feed&#038;utm_campaign=Feed%3A+GalerieFArtciles+%28Les+derniers+articles++-+lebuteur.com%29\">Cliquez ici pour lire l&rsquo;article depuis sa source.<\/a><\/p>\n","protected":false},"excerpt":{"rendered":"<p>Auteur : samedi 07 mars 2020 19:32 Brahimi et ses co\u00e9quipiers ont ouvert le score tr\u00e8s t\u00f4t dans la rencontre par l&rsquo;interm\u00e9diaire de Fanck Kom. Le score en restera l\u00e0 et Al Rayyan se maintient \u00e0 la deuxi\u00e8me place du classement \u00e0 quatre points derri\u00e8re Lakhwiya. [embedded content] Publi\u00e9 dans : Al Rayyan Auteur: Cliquez [&hellip;]<\/p>\n","protected":false},"author":1738,"featured_media":78382,"comment_status":"closed","ping_status":"closed","sticky":false,"template":"","format":"standard","meta":{"fifu_image_url":"","fifu_image_alt":"","footnotes":""},"categories":[53,75],"tags":[],"class_list":["post-78381","post","type-post","status-publish","format-standard","has-post-thumbnail","hentry","category-algerie","category-sport"],"_links":{"self":[{"href":"https:\/\/linitiative.ca\/International\/wp-json\/wp\/v2\/posts\/78381","targetHints":{"allow":["GET"]}}],"collection":[{"href":"https:\/\/linitiative.ca\/International\/wp-json\/wp\/v2\/posts"}],"about":[{"href":"https:\/\/linitiative.ca\/International\/wp-json\/wp\/v2\/types\/post"}],"author":[{"embeddable":true,"href":"https:\/\/linitiative.ca\/International\/wp-json\/wp\/v2\/users\/1738"}],"replies":[{"embeddable":true,"href":"https:\/\/linitiative.ca\/International\/wp-json\/wp\/v2\/comments?post=78381"}],"version-history":[{"count":0,"href":"https:\/\/linitiative.ca\/International\/wp-json\/wp\/v2\/posts\/78381\/revisions"}],"wp:featuredmedia":[{"embeddable":true,"href":"https:\/\/linitiative.ca\/International\/wp-json\/"}],"wp:attachment":[{"href":"https:\/\/linitiative.ca\/International\/wp-json\/wp\/v2\/media?parent=78381"}],"wp:term":[{"taxonomy":"category","embeddable":true,"href":"https:\/\/linitiative.ca\/International\/wp-json\/wp\/v2\/categories?post=78381"},{"taxonomy":"post_tag","embeddable":true,"href":"https:\/\/linitiative.ca\/International\/wp-json\/wp\/v2\/tags?post=78381"}],"curies":[{"name":"wp","href":"https:\/\/api.w.org\/{rel}","templated":true}]}}