{"id":78383,"date":"2020-03-07T15:14:28","date_gmt":"2020-03-07T20:14:28","guid":{"rendered":"https:\/\/linitiative.ca\/International\/international-real-zidane-repond-a-la-rumeur-qui-lenvoie-a-la-juventus\/"},"modified":"2020-03-07T15:14:28","modified_gmt":"2020-03-07T20:14:28","slug":"international-real-zidane-repond-a-la-rumeur-qui-lenvoie-a-la-juventus","status":"publish","type":"post","link":"https:\/\/linitiative.ca\/International\/international-real-zidane-repond-a-la-rumeur-qui-lenvoie-a-la-juventus\/","title":{"rendered":"International : Real : Zidane r\u00e9pond \u00e0 la rumeur qui l&rsquo;envoie \u00e0 la Juventus"},"content":{"rendered":"<div readability=\"32\">\n<p>Auteur : <span class=\"time\">samedi 07 mars 2020 19:49<\/span><\/p>\n<\/div>\n<div id=\"post_core\" readability=\"50\">\n<p>Le club italien, dans lequel il a jou\u00e9 entre 1996 et 2001 avant de rejoindre le Real Madrid, lui offrirait un salaire de 8 M\u20ac par an et verrait en lui un guide parfait pour mener enfin l\u2019\u00e9quipe \u00e0 la victoire en Ligue des Champions. Et d\u2019apr\u00e8s le principal int\u00e9ress\u00e9, il n\u2019y a jamais eu de contact, alors qu\u2019il est tout de m\u00eame sous contrat jusqu\u2019en 2022 :<\/p>\n<p>\u00ab\u00a0Non, je n\u2019ai pas re\u00e7u d\u2019appel. Ni de la Juventus, ni de la s\u00e9lection fran\u00e7aise. Je suis \u00e0 Madrid et c\u2019est une joie. Ils ne m\u2019ont pas contact\u00e9 et je ne sais rien. Beaucoup de choses sont dites \u00e0 l\u2019ext\u00e9rieur. C\u2019est impossible de savoir si tu vas continuer la saison prochaine. L\u2019important, c\u2019est le travail jour apr\u00e8s jour. Mais oui, je me sens soutenu par le club. Je sais comment cela marche. Je suis entra\u00eeneur du Real Madrid aujourd\u2019hui, mais cela peut changer tranquillement demain\u00a0\u00bb, a-t-il cependant temp\u00e9r\u00e9 en conf\u00e9rence de presse comme le rapporte Footmercato.<\/p>\n<p><strong>Publi\u00e9 dans :<\/strong> <span>Zidane<\/span><\/p>\n<\/div>\n<p>Auteur:<br \/>\n<a href=\"http:\/\/www.lebuteur.com\/article\/detail?titre=real-zidane-repond-a-la-rumeur-qui-lenvoie-a-la-juventus&#038;id=95175&#038;utm_source=feedburner&#038;utm_medium=feed&#038;utm_campaign=Feed%3A+GalerieFArtciles+%28Les+derniers+articles++-+lebuteur.com%29\">Cliquez ici pour lire l&rsquo;article depuis sa source.<\/a><\/p>\n","protected":false},"excerpt":{"rendered":"<p>Auteur : samedi 07 mars 2020 19:49 Le club italien, dans lequel il a jou\u00e9 entre 1996 et 2001 avant de rejoindre le Real Madrid, lui offrirait un salaire de 8 M\u20ac par an et verrait en lui un guide parfait pour mener enfin l\u2019\u00e9quipe \u00e0 la victoire en Ligue des Champions. Et d\u2019apr\u00e8s le [&hellip;]<\/p>\n","protected":false},"author":1738,"featured_media":78384,"comment_status":"closed","ping_status":"closed","sticky":false,"template":"","format":"standard","meta":{"fifu_image_url":"","fifu_image_alt":"","footnotes":""},"categories":[53,75],"tags":[],"class_list":["post-78383","post","type-post","status-publish","format-standard","has-post-thumbnail","hentry","category-algerie","category-sport"],"_links":{"self":[{"href":"https:\/\/linitiative.ca\/International\/wp-json\/wp\/v2\/posts\/78383","targetHints":{"allow":["GET"]}}],"collection":[{"href":"https:\/\/linitiative.ca\/International\/wp-json\/wp\/v2\/posts"}],"about":[{"href":"https:\/\/linitiative.ca\/International\/wp-json\/wp\/v2\/types\/post"}],"author":[{"embeddable":true,"href":"https:\/\/linitiative.ca\/International\/wp-json\/wp\/v2\/users\/1738"}],"replies":[{"embeddable":true,"href":"https:\/\/linitiative.ca\/International\/wp-json\/wp\/v2\/comments?post=78383"}],"version-history":[{"count":0,"href":"https:\/\/linitiative.ca\/International\/wp-json\/wp\/v2\/posts\/78383\/revisions"}],"wp:featuredmedia":[{"embeddable":true,"href":"https:\/\/linitiative.ca\/International\/wp-json\/"}],"wp:attachment":[{"href":"https:\/\/linitiative.ca\/International\/wp-json\/wp\/v2\/media?parent=78383"}],"wp:term":[{"taxonomy":"category","embeddable":true,"href":"https:\/\/linitiative.ca\/International\/wp-json\/wp\/v2\/categories?post=78383"},{"taxonomy":"post_tag","embeddable":true,"href":"https:\/\/linitiative.ca\/International\/wp-json\/wp\/v2\/tags?post=78383"}],"curies":[{"name":"wp","href":"https:\/\/api.w.org\/{rel}","templated":true}]}}