{"id":78385,"date":"2020-03-07T15:14:29","date_gmt":"2020-03-07T20:14:29","guid":{"rendered":"https:\/\/linitiative.ca\/International\/pros-bundesliga-bensebaini-et-monchengladbach-chutent-face-au-borussia-dortmund\/"},"modified":"2020-03-07T15:14:29","modified_gmt":"2020-03-07T20:14:29","slug":"pros-bundesliga-bensebaini-et-monchengladbach-chutent-face-au-borussia-dortmund","status":"publish","type":"post","link":"https:\/\/linitiative.ca\/International\/pros-bundesliga-bensebaini-et-monchengladbach-chutent-face-au-borussia-dortmund\/","title":{"rendered":"Pros : Bundesliga : Bensebaini et M\u00f6nchengladbach chutent face au Borussia Dortmund"},"content":{"rendered":"<div readability=\"32\">\n<p>Auteur : <span class=\"time\">samedi 07 mars 2020 20:48<\/span><\/p>\n<\/div>\n<div id=\"post_core\" readability=\"40\">\n<p>Ramy Bensebaini a rat\u00e9 une grosse occasion d&rsquo;\u00e9galiser en premi\u00e8re p\u00e9riode avant que Lars Stindl ne ram\u00e8ne les locaux \u00e0 \u00e9galit\u00e9 (50e). Dortmund pr\u00e9pare ainsi de la meilleure des mani\u00e8re son 8e de finale retour de Ligue des champions \u00e0 Paris, mercredi, et distance surtout son h\u00f4te du jour au classement\u00a0(51 points contre 46) et passe m\u00eame \u00e0 la deuxi\u00e8me place, \u00e0 une longueur du Bayern.<\/p>\n<p><strong>Publi\u00e9 dans :<\/strong> <span>Bensebaini<\/span><\/p>\n<\/div>\n<p>Auteur:<br \/>\n<a href=\"http:\/\/www.lebuteur.com\/article\/detail?titre=bundesliga-bensebaini-et-monchengladbach-chutent-face-au-borussia-dortmund&#038;id=95176&#038;utm_source=feedburner&#038;utm_medium=feed&#038;utm_campaign=Feed%3A+GalerieFArtciles+%28Les+derniers+articles++-+lebuteur.com%29\">Cliquez ici pour lire l&rsquo;article depuis sa source.<\/a><\/p>\n","protected":false},"excerpt":{"rendered":"<p>Auteur : samedi 07 mars 2020 20:48 Ramy Bensebaini a rat\u00e9 une grosse occasion d&rsquo;\u00e9galiser en premi\u00e8re p\u00e9riode avant que Lars Stindl ne ram\u00e8ne les locaux \u00e0 \u00e9galit\u00e9 (50e). Dortmund pr\u00e9pare ainsi de la meilleure des mani\u00e8re son 8e de finale retour de Ligue des champions \u00e0 Paris, mercredi, et distance surtout son h\u00f4te du [&hellip;]<\/p>\n","protected":false},"author":1738,"featured_media":78386,"comment_status":"closed","ping_status":"closed","sticky":false,"template":"","format":"standard","meta":{"fifu_image_url":"","fifu_image_alt":"","footnotes":""},"categories":[53,75],"tags":[],"class_list":["post-78385","post","type-post","status-publish","format-standard","has-post-thumbnail","hentry","category-algerie","category-sport"],"_links":{"self":[{"href":"https:\/\/linitiative.ca\/International\/wp-json\/wp\/v2\/posts\/78385","targetHints":{"allow":["GET"]}}],"collection":[{"href":"https:\/\/linitiative.ca\/International\/wp-json\/wp\/v2\/posts"}],"about":[{"href":"https:\/\/linitiative.ca\/International\/wp-json\/wp\/v2\/types\/post"}],"author":[{"embeddable":true,"href":"https:\/\/linitiative.ca\/International\/wp-json\/wp\/v2\/users\/1738"}],"replies":[{"embeddable":true,"href":"https:\/\/linitiative.ca\/International\/wp-json\/wp\/v2\/comments?post=78385"}],"version-history":[{"count":0,"href":"https:\/\/linitiative.ca\/International\/wp-json\/wp\/v2\/posts\/78385\/revisions"}],"wp:featuredmedia":[{"embeddable":true,"href":"https:\/\/linitiative.ca\/International\/wp-json\/"}],"wp:attachment":[{"href":"https:\/\/linitiative.ca\/International\/wp-json\/wp\/v2\/media?parent=78385"}],"wp:term":[{"taxonomy":"category","embeddable":true,"href":"https:\/\/linitiative.ca\/International\/wp-json\/wp\/v2\/categories?post=78385"},{"taxonomy":"post_tag","embeddable":true,"href":"https:\/\/linitiative.ca\/International\/wp-json\/wp\/v2\/tags?post=78385"}],"curies":[{"name":"wp","href":"https:\/\/api.w.org\/{rel}","templated":true}]}}