{"id":78387,"date":"2020-03-07T15:19:09","date_gmt":"2020-03-07T20:19:09","guid":{"rendered":"https:\/\/linitiative.ca\/International\/ceremonie-au-siege-du-mdn-m-chanegriha-met-en-exergue-le-role-primordial-de-la-femme\/"},"modified":"2020-03-07T15:19:09","modified_gmt":"2020-03-07T20:19:09","slug":"ceremonie-au-siege-du-mdn-m-chanegriha-met-en-exergue-le-role-primordial-de-la-femme","status":"publish","type":"post","link":"https:\/\/linitiative.ca\/International\/ceremonie-au-siege-du-mdn-m-chanegriha-met-en-exergue-le-role-primordial-de-la-femme\/","title":{"rendered":"C\u00e9r\u00e9monie au si\u00e8ge du MDN : M. Chanegriha met en exergue le r\u00f4le primordial de la femme"},"content":{"rendered":"<p><strong>\u00c0 la veille de la c\u00e9l\u00e9bration de la Journ\u00e9e internationale de la femme, le g\u00e9n\u00e9ral major Sa\u00efd Chanegriha, chef d\u2019\u00c9tat-Major de l\u2019Arm\u00e9e nationale populaire par int\u00e9rim, a pr\u00e9sid\u00e9, hier, au si\u00e8ge du minist\u00e8re de la D\u00e9fense nationale, une c\u00e9r\u00e9monie en l\u2019honneur des femmes militaires et civiles du minist\u00e8re, et ce en pr\u00e9sence des chefs de d\u00e9partements du MDN et de l\u2019\u00c9tat-Major de l\u2019ANP, et des directeurs et chefs des services centraux.<\/strong><\/p>\n<p>Selon un communiqu\u00e9 du MDN, le g\u00e9n\u00e9ral-major a prononc\u00e9 une allocution dans laquelle il a f\u00e9licit\u00e9 toutes les femmes relevant de l\u2019ANP, mettant en valeur le r\u00f4le primordial qu\u2019a jou\u00e9, hier et aujourd\u2019hui, la femme alg\u00e9rienne, en affirmant, \u00e9galement, que sa lutte contre l\u2019oppression ne s\u2019est jamais arr\u00eat\u00e9e, et son combat pour d\u00e9fendre sa Patrie et son patriotisme est permanent, tout en ravivant la m\u00e9moire des grands noms des femmes alg\u00e9riennes libres qui ont fa\u00e7onn\u00e9 l\u2019histoire pour devenir des icones phares que les g\u00e9n\u00e9rations se racontent. Il a mis en exergue les sacrifices de la femme alg\u00e9rienne au fil du temps, notamment face au joug de la colonisation fran\u00e7aise et sa r\u00e9sistance contre le ph\u00e9nom\u00e8ne du terrorisme barbare afin de d\u00e9fendre son honneur, sa religion, sa famille et sa Patrie, en sacrifiant ce qu\u2019elles avaient de plus cher, comme institutrice, \u00e9tudiante ou journaliste, mais aussi dans tous les secteurs de son travail.<br \/>\u00abLe 8 mars de chaque ann\u00e9e nous offre une opportunit\u00e9 pour rencontrer nos s\u0153urs et nos filles de l\u2019ensemble du personnel f\u00e9minin du minist\u00e8re de la D\u00e9fense nationale, lors de laquelle nous \u0153uvrons \u00e0 partager avec elles la joie de sa f\u00eate internationale, en reconnaissance \u00e0 cette femme r\u00e9sistante, militante et combattante, et en motivant de suivre le parcours de ses a\u00efeux et poursuivre le travail au service de cette ch\u00e8re patrie et l\u2019Arm\u00e9e nationale populaire, digne h\u00e9riti\u00e8re de l\u2019Arm\u00e9e de lib\u00e9ration nationale\u00bb, a soulign\u00e9 le g\u00e9n\u00e9ral-major Chanegriha. \u00abNous comm\u00e9morons \u00e0 cette occasion, la place de la femme et ses exploits au fil de l\u2019histoire, sa lutte pour pr\u00e9server l\u2019identit\u00e9 de la soci\u00e9t\u00e9 et ancrer ses principes, outre son combat, aux c\u00f4t\u00e9s de l\u2019homme, pour recouvrer la libert\u00e9 et la souverainet\u00e9 de notre pays, mais \u00e9galement sa contribution, au lendemain de l\u2019ind\u00e9pendance, dans la bataille de l\u2019\u00e9difice du pays\u00bb, a-t-il mentionn\u00e9 Le g\u00e9n\u00e9ral-major a \u00e9voqu\u00e9 les grands pas franchis par la femme alg\u00e9rienne durant son parcours honorable, lui permettant d\u2019occuper une place prestigieuse avec m\u00e9rite et de se hisser aux plus hautes fonctions dans la hi\u00e9rarchie de l\u2019Etat et aujourd\u2019hui, aux sommets des grades au sein de l\u2019ANP. \u00abC\u2019est cette femme alg\u00e9rienne qui fait notre fiert\u00e9 et \u00e0 qui nous t\u00e9moignons toute la reconnaissance et la gratitude au regard de son parcours honorable \u00e0 travers les temps, lui permettant d\u2019occuper une place prestigieuse avec m\u00e9rite, et de se hisser aux plus hautes fonctions dans la hi\u00e9rarchie de l\u2019Etat\u00bb, et la voici aujourd\u2019hui, aux sommets des grades au sein de l\u2019Arm\u00e9e nationale populaire, a ajout\u00e9 le g\u00e9n\u00e9ral-major.<br \/>\u00abNous sommes tr\u00e8s fiers aujourd\u2019hui, de compter parmi ces femmes, nos filles ayant r\u00e9cemment rejoint les Ecoles des Cadets de la nation, et celles qui ont fait preuve d\u2019une volont\u00e9 en acier, une ferme d\u00e9termination, et une ambition in\u00e9dite, pour parachever un parcours professionnel distingu\u00e9, au service de l\u2019Institution militaire et celui de l\u2019int\u00e9r\u00eat supr\u00eame de la Nation \u00bb, a mentionn\u00e9 le g\u00e9n\u00e9ral-major. \u00abEn effet, elles ont trouv\u00e9 en l\u2019institution militaire, un terrain fertile pour se distinguer et y faire rayonner leurs potentiels et leurs talents, et un milieu professionnel favorable \u00e0 l\u2019expression de leurs volont\u00e9s pour contribuer \u00e0 la pr\u00e9servation de la s\u00e9curit\u00e9 et la stabilit\u00e9 de l\u2019Alg\u00e9rie, \u00e0 l\u2019ombre des d\u00e9fis actuels et des dangereuses menaces que vit notre r\u00e9gion\u00bb, a-t-il not\u00e9.<br \/>\u00abDes d\u00e9fis qui exigent un d\u00e9veloppement de soi, des capacit\u00e9s, une ferme d\u00e9termination, une loyaut\u00e9 \u00e0 toute \u00e9preuve, une assiduit\u00e9 professionnelle et une sacralit\u00e9 du travail, car la sauvegarde de cette noble terre rel\u00e8ve du patriotisme, de la fid\u00e9lit\u00e9 de tous ses enfants, hommes et femmes, et une coh\u00e9sion et une compl\u00e9mentarit\u00e9 irr\u00e9prochables, ce qui est exig\u00e9 par cette p\u00e9riode et par l\u2019Alg\u00e9rie nouvelle\u00bb, a-t-il conclu.<\/p>\n<p>Auteur: elmoudjahid<br \/>\n<a href=\"http:\/\/www.elmoudjahid.com\/fr\/actualites\/149504\">Cliquez ici pour lire l&rsquo;article depuis sa source.<\/a><\/p>\n","protected":false},"excerpt":{"rendered":"<p>\u00c0 la veille de la c\u00e9l\u00e9bration de la Journ\u00e9e internationale de la femme, le g\u00e9n\u00e9ral major Sa\u00efd Chanegriha, chef d\u2019\u00c9tat-Major de l\u2019Arm\u00e9e nationale populaire par int\u00e9rim, a pr\u00e9sid\u00e9, hier, au si\u00e8ge du minist\u00e8re de la D\u00e9fense nationale, une c\u00e9r\u00e9monie en l\u2019honneur des femmes militaires et civiles du minist\u00e8re, et ce en pr\u00e9sence des chefs de [&hellip;]<\/p>\n","protected":false},"author":1744,"featured_media":0,"comment_status":"closed","ping_status":"closed","sticky":false,"template":"","format":"standard","meta":{"fifu_image_url":"","fifu_image_alt":"","footnotes":""},"categories":[73,53],"tags":[],"class_list":["post-78387","post","type-post","status-publish","format-standard","hentry","category-actualite","category-algerie"],"_links":{"self":[{"href":"https:\/\/linitiative.ca\/International\/wp-json\/wp\/v2\/posts\/78387","targetHints":{"allow":["GET"]}}],"collection":[{"href":"https:\/\/linitiative.ca\/International\/wp-json\/wp\/v2\/posts"}],"about":[{"href":"https:\/\/linitiative.ca\/International\/wp-json\/wp\/v2\/types\/post"}],"author":[{"embeddable":true,"href":"https:\/\/linitiative.ca\/International\/wp-json\/wp\/v2\/users\/1744"}],"replies":[{"embeddable":true,"href":"https:\/\/linitiative.ca\/International\/wp-json\/wp\/v2\/comments?post=78387"}],"version-history":[{"count":0,"href":"https:\/\/linitiative.ca\/International\/wp-json\/wp\/v2\/posts\/78387\/revisions"}],"wp:attachment":[{"href":"https:\/\/linitiative.ca\/International\/wp-json\/wp\/v2\/media?parent=78387"}],"wp:term":[{"taxonomy":"category","embeddable":true,"href":"https:\/\/linitiative.ca\/International\/wp-json\/wp\/v2\/categories?post=78387"},{"taxonomy":"post_tag","embeddable":true,"href":"https:\/\/linitiative.ca\/International\/wp-json\/wp\/v2\/tags?post=78387"}],"curies":[{"name":"wp","href":"https:\/\/api.w.org\/{rel}","templated":true}]}}