{"id":78388,"date":"2020-03-07T15:19:12","date_gmt":"2020-03-07T20:19:12","guid":{"rendered":"https:\/\/linitiative.ca\/International\/au-forum-del-moudjahid-plaidoyer-pour-un-ministere-souverain-dedie-a-la-femme\/"},"modified":"2020-03-07T15:19:12","modified_gmt":"2020-03-07T20:19:12","slug":"au-forum-del-moudjahid-plaidoyer-pour-un-ministere-souverain-dedie-a-la-femme","status":"publish","type":"post","link":"https:\/\/linitiative.ca\/International\/au-forum-del-moudjahid-plaidoyer-pour-un-ministere-souverain-dedie-a-la-femme\/","title":{"rendered":"Au Forum d\u2019El Moudjahid : plaidoyer pour  un minist\u00e8re souverain d\u00e9di\u00e9 \u00e0 la femme"},"content":{"rendered":"<p><strong>\u00abLa nouvelle Constitution,\u00a0 qui est actuellement en phase d\u2019\u00e9laboration, doit consacrer l\u2019\u00e9galit\u00e9 des Alg\u00e9riens et des Alg\u00e9riennes dans les faits, et elle doit poser les principes d\u2019une parit\u00e9 devant le droit dans le travail, en politique et en \u00e9conomie. J\u2019interpelle aujourd\u2019hui les d\u00e9cideurs \u00e0 se prononcer de mani\u00e8re tr\u00e8s claire sur la v\u00e9ritable place de la femme dans la soci\u00e9t\u00e9\u00bb, a indiqu\u00e9, hier, la militante<\/strong> <strong>pour les droits humains,\u00a0 Mme Nadia A\u00eft Za\u00ef, responsable du Centre d&rsquo;information\u00a0 et de documentation sur les droits de l&rsquo;enfant et de la femme.<\/strong><\/p>\n<p>Invit\u00e9 du Forum d\u2019El Moudjahid, \u00e0 l\u2019occasion de la Journ\u00e9e de la femme, pour \u00e9valuer les acquis en termes de droits juridiques, sociaux et \u00e9conomiques, elle rel\u00e8ve que cette c\u00e9l\u00e9bration \u00abest une occasion qui nous permet de revenir sur la situation de la femme et de voir de pr\u00e8s ce qu&rsquo;il y a lieu d&rsquo;am\u00e9liorer, ce qui manque toujours par rapport aux attentes et aux acquis qu&rsquo;il faut pr\u00e9server absolument dans tous les secteurs\u00bb.<br \/>Pour elle, dans le discours politique actuel il n\u2019y a aucun programme, aucune perspective, aucune vision qui d\u00e9finit la v\u00e9ritable place de la femme dans la soci\u00e9t\u00e9. \u00abToutes les Constitutions depuis 1962 ont inscrit l\u2019\u00e9galit\u00e9, en droit et devant la loi, des femmes et des hommes dans l\u2019espace public, et c\u2019est l\u00e0 un acquis consid\u00e9rable\u00bb, estime la pr\u00e9sidente du CIDEF. Elle regrette, toutefois, qu\u2019une n\u00e9gation de cette \u00e9galit\u00e9 et une discrimination\u00bb criante se retrouvent dans le Code de la famille qui doit \u00ab\u00eatre revu et revisit\u00e9 comme l\u2019a \u00e9t\u00e9, \u00e0 juste titre, le Code p\u00e9nal qui a criminalis\u00e9 toutes les violences faites aux femmes\u00bb.<br \/>L\u2019avocate consid\u00e8re que \u00able Code de la famille, \u00e0 l&rsquo;\u00e9tat actuel des choses, est une source de violence \u00e0 l&rsquo;\u00e9gard des femmes. Ce code refl\u00e8te une mentalit\u00e9 r\u00e9trograde qui va \u00e0 l&rsquo;encontre m\u00eame de la religion et de la Constitution, qui garantit l&rsquo;\u00e9galit\u00e9 des droits sans distinction aucune\u00bb. \u00abIl faut reconna\u00eetre aussi, soutient-elle, que l&rsquo;amendement du Code de la famille a r\u00e9gl\u00e9 certains cas de d\u00e9passements douloureux envers la femme, mais pas tous les probl\u00e8mes qu&rsquo;elle vit quotidiennement. Il est impossible de r\u00e9gler d&rsquo;autres probl\u00e8mes, \u00e0 commencer par la garde d&rsquo;enfants, le logement, en plus de la loi qui consacre la r\u00e9pudiation de la femme sans raison valable et sans le droit de se prot\u00e9ger dans un cadre juridique et l\u00e9gal\u00bb, estime l\u2019invit\u00e9e du forum. Elle consid\u00e8re que ce code \u00abrenferme des in\u00e9galit\u00e9s emp\u00eachant ainsi les Alg\u00e9riennes d\u2019\u00eatre des citoyennes \u00e0 part enti\u00e8re\u00bb.<\/p>\n<p><strong>Atteindre 50% de participation dans les instances de d\u00e9cision<\/strong><\/p>\n<p>Consciente de la n\u00e9cessit\u00e9 de bousculer les choses, l\u2019avocate invite les r\u00e9dacteurs de la prochaine Constitution \u00ab\u00e0 revenir sur la notion m\u00eame d\u2019\u00e9galit\u00e9 devant le droit et en droit, \u00e0 d\u00e9finir l\u2019\u00e9galit\u00e9 de traitement, qui n\u2019est pas exerc\u00e9e actuellement, et \u00e0 introduire de mani\u00e8re plus explicite l\u2019exercice des droits civils pour pouvoir traquer et \u00e9liminer ces in\u00e9galit\u00e9s qui existent encore\u00bb, souligne Me A\u00eft Za\u00ef.<br \/>\u00abNous n\u2019allons pas vite. Malgr\u00e9 les avanc\u00e9es enregistr\u00e9es, depuis 2005, sur le plan politique, avec la loi sur la repr\u00e9sentativit\u00e9 des femmes, la r\u00e9vision du Code de la famille et la loi modifiant le Code p\u00e9nal, il y a un go\u00fbt d\u2019inachev\u00e9 dans toutes ces r\u00e9formes louables\u00bb, rel\u00e8ve-t-elle. L\u2019invit\u00e9 d\u2019El Moudjahid indique, dans cet ordre d\u2019id\u00e9es, que \u00abla non-application de toutes ces lois et l\u2019existence d\u2019obstacles, de tiraillements et de reculs parfois sont des obstacles. Ils peuvent \u00eatre trouv\u00e9s aussi dans la soci\u00e9t\u00e9 elle-m\u00eame, travers\u00e9e par un retour au conservatisme. Ils peuvent \u00eatre trouv\u00e9s aussi chez les femmes elles-m\u00eames qui, loin de se conformer \u00e0 leurs aspirations, pr\u00e9f\u00e8rent le statu quo. Il faut un grand travail de sensibilisation et de communication pour changer les mentalit\u00e9s et les comportements\u00bb, note-t-elle.<br \/>\u00abAujourd\u2019hui, on ne doit plus se contenter de dire que la femme est l\u2019\u00e9gale de l\u2019homme ou de scander que la parit\u00e9 est consacr\u00e9e dans les lois. Aujourd\u2019hui, il faut que la volont\u00e9 politique s\u2019exprime \u00e0 travers des actes concrets et consacre des lois qui particularisent des situations, car il y a des moments o\u00f9 il faut particulariser cette \u00e9galit\u00e9\u00bb, plaide Me A\u00eft Za\u00ef.<br \/>Elle propose, dans ce sens, la mise en place d\u2019un minist\u00e8re \u00abd\u00e9di\u00e9 exclusivement \u00e0 la femme et \u00e0 la famille, qui doit accompagner les institutions pour suivre et appliquer ce qui a \u00e9t\u00e9 d\u00e9cid\u00e9 dans les lois, \u00e0 r\u00e9guler les rapports \u00e9galitaires et avoir le courage de changer le concept virtuel de la parit\u00e9 en le construisant avec des mesures temporaires que ce minist\u00e8re doit prendre\u00bb.<br \/>A la question de savoir si le quota des 30% octroy\u00e9s aux femmes dans les assembl\u00e9es \u00e9lues (APN, APW, APC) r\u00e9pond aux attentes de la femme, la militante des droits de l\u2019Homme r\u00e9pond que \u00abce quota est le r\u00e9sultat du combat du mouvement associatif f\u00e9minin qui a d\u00e9fendu le droit de la femme\u00bb. \u00abC&rsquo;est une reconnaissance qui a \u00e9t\u00e9 accord\u00e9e gr\u00e2ce \u00e0 la volont\u00e9 politique des autorit\u00e9s du pays. C&rsquo;\u00e9tait une \u00e9tape qui permettait d&rsquo;avancer vers l&rsquo;\u00e9galit\u00e9 et la parit\u00e9 des droits. Les 30%, c&rsquo;est un minimum garanti pour le droit de la citoyennet\u00e9\u00bb, dit-elle. \u00abC&rsquo;est un acquis temporaire, mais pourquoi ne pas arriver \u00e0 un quota de 50% ? Pourquoi ne pas assumer les m\u00eames postes de d\u00e9cision qu\u2019occupent les hommes ?\u00bb, dira-t-elle.<br \/>\u00abL\u2019\u00c9tat est-il \u00e0 la hauteur de vos attentes ?\u00bb, Me A\u00eft Za\u00ef pense que oui. \u00abNotre r\u00f4le, en tant que soci\u00e9t\u00e9 civile, soutient-elle, est d\u2019interpeller les pouvoirs publics sur ce qui ne va pas ou qui reste \u00e0 faire, en construisant des plaidoyers qui les am\u00e8nent \u00e0 toucher du doigt les in\u00e9galit\u00e9s et \u00e0 y apporter les r\u00e9ponses l\u00e9gales et r\u00e9glementaires\u00bb. \u00abNous esp\u00e9rons une bienveillance dans l\u2019\u00e9coute\u00bb, conclut l\u2019avocate.<br \/><strong>\u00a0Farida Larbi<\/strong><\/p>\n<p>Auteur: elmoudjahid<br \/>\n<a href=\"http:\/\/www.elmoudjahid.com\/fr\/actualites\/149505\">Cliquez ici pour lire l&rsquo;article depuis sa source.<\/a><\/p>\n","protected":false},"excerpt":{"rendered":"<p>\u00abLa nouvelle Constitution,\u00a0 qui est actuellement en phase d\u2019\u00e9laboration, doit consacrer l\u2019\u00e9galit\u00e9 des Alg\u00e9riens et des Alg\u00e9riennes dans les faits, et elle doit poser les principes d\u2019une parit\u00e9 devant le droit dans le travail, en politique et en \u00e9conomie. J\u2019interpelle aujourd\u2019hui les d\u00e9cideurs \u00e0 se prononcer de mani\u00e8re tr\u00e8s claire sur la v\u00e9ritable place de [&hellip;]<\/p>\n","protected":false},"author":1744,"featured_media":0,"comment_status":"closed","ping_status":"closed","sticky":false,"template":"","format":"standard","meta":{"fifu_image_url":"","fifu_image_alt":"","footnotes":""},"categories":[73,53],"tags":[],"class_list":["post-78388","post","type-post","status-publish","format-standard","hentry","category-actualite","category-algerie"],"_links":{"self":[{"href":"https:\/\/linitiative.ca\/International\/wp-json\/wp\/v2\/posts\/78388","targetHints":{"allow":["GET"]}}],"collection":[{"href":"https:\/\/linitiative.ca\/International\/wp-json\/wp\/v2\/posts"}],"about":[{"href":"https:\/\/linitiative.ca\/International\/wp-json\/wp\/v2\/types\/post"}],"author":[{"embeddable":true,"href":"https:\/\/linitiative.ca\/International\/wp-json\/wp\/v2\/users\/1744"}],"replies":[{"embeddable":true,"href":"https:\/\/linitiative.ca\/International\/wp-json\/wp\/v2\/comments?post=78388"}],"version-history":[{"count":0,"href":"https:\/\/linitiative.ca\/International\/wp-json\/wp\/v2\/posts\/78388\/revisions"}],"wp:attachment":[{"href":"https:\/\/linitiative.ca\/International\/wp-json\/wp\/v2\/media?parent=78388"}],"wp:term":[{"taxonomy":"category","embeddable":true,"href":"https:\/\/linitiative.ca\/International\/wp-json\/wp\/v2\/categories?post=78388"},{"taxonomy":"post_tag","embeddable":true,"href":"https:\/\/linitiative.ca\/International\/wp-json\/wp\/v2\/tags?post=78388"}],"curies":[{"name":"wp","href":"https:\/\/api.w.org\/{rel}","templated":true}]}}