{"id":78389,"date":"2020-03-07T15:19:14","date_gmt":"2020-03-07T20:19:14","guid":{"rendered":"https:\/\/linitiative.ca\/International\/8%e2%80%88mars-journee-internationale-de-la-femme-le-sg-de-lonu-prone-la-generation-egalite\/"},"modified":"2020-03-07T15:19:14","modified_gmt":"2020-03-07T20:19:14","slug":"8%e2%80%88mars-journee-internationale-de-la-femme-le-sg-de-lonu-prone-la-generation-egalite","status":"publish","type":"post","link":"https:\/\/linitiative.ca\/International\/8%e2%80%88mars-journee-internationale-de-la-femme-le-sg-de-lonu-prone-la-generation-egalite\/","title":{"rendered":"8\u2008MARS, journ\u00e9e internationale de la femme : Le SG de l\u2019ONU pr\u00f4ne la \u00abG\u00e9n\u00e9ration \u00e9galit\u00e9\u00bb"},"content":{"rendered":"<p>Le Secr\u00e9taire g\u00e9n\u00e9ral des Nations Unies, Antonio Guterres, a appel\u00e9 vendredi le monde \u00e0 faire des progr\u00e8s dans l&rsquo;am\u00e9lioration des droits des femmes et \u00e0 parvenir \u00e0 la \u00abG\u00e9n\u00e9ration Egalit\u00e9\u00bb, alors que \u00ables Nations Unies observent la Journ\u00e9e internationale de la femme le 8 mars\u00bb.<br \/>Au sujet du th\u00e8me de cette journ\u00e9e &#8211; \u00abJe suis de la G\u00e9n\u00e9ration Egalit\u00e9: Levez-vous pour les droits des femmes\u00bb &#8211; Antonio Guterres a d\u00e9clar\u00e9 que \u00abl&rsquo;in\u00e9galit\u00e9 entre les sexes est l&rsquo;injustice la plus flagrante de notre \u00e9poque et le plus grand d\u00e9fi que le monde doit relever en mati\u00e8re de droits de l&rsquo;Homme\u00bb.<br \/>S&rsquo;adressant aux jeunes leaders pr\u00e9sentes dans l&rsquo;auditoire, M. Guterres a d\u00e9clar\u00e9 : \u00abNous avons besoin de votre passion et de votre conviction alors que nous sommes confront\u00e9s \u00e0 toute une s\u00e9rie de d\u00e9fis mondiaux, du changement climatique aux conflits.\u00bb<br \/>Reprenant le th\u00e8me de la Journ\u00e9e, M. Guterres a d\u00e9clar\u00e9 : \u00abLa G\u00e9n\u00e9ration Egalit\u00e9, \u00e7a ne peut pas \u00eatre une am\u00e9lioration progressive ou un changement progressif. La G\u00e9n\u00e9ration Egalit\u00e9, \u00e7a doit \u00eatre l&rsquo;\u00e9galit\u00e9 des droits et des chances pour toutes les femmes et toutes les filles, d\u00e8s maintenant.\u00bb<br \/>\u00a0<\/p>\n<p>Auteur: elmoudjahid<br \/>\n<a href=\"http:\/\/www.elmoudjahid.com\/fr\/actualites\/149506\">Cliquez ici pour lire l&rsquo;article depuis sa source.<\/a><\/p>\n","protected":false},"excerpt":{"rendered":"<p>Le Secr\u00e9taire g\u00e9n\u00e9ral des Nations Unies, Antonio Guterres, a appel\u00e9 vendredi le monde \u00e0 faire des progr\u00e8s dans l&rsquo;am\u00e9lioration des droits des femmes et \u00e0 parvenir \u00e0 la \u00abG\u00e9n\u00e9ration Egalit\u00e9\u00bb, alors que \u00ables Nations Unies observent la Journ\u00e9e internationale de la femme le 8 mars\u00bb.Au sujet du th\u00e8me de cette journ\u00e9e &#8211; \u00abJe suis de [&hellip;]<\/p>\n","protected":false},"author":1744,"featured_media":0,"comment_status":"closed","ping_status":"closed","sticky":false,"template":"","format":"standard","meta":{"fifu_image_url":"","fifu_image_alt":"","footnotes":""},"categories":[73,53],"tags":[],"class_list":["post-78389","post","type-post","status-publish","format-standard","hentry","category-actualite","category-algerie"],"_links":{"self":[{"href":"https:\/\/linitiative.ca\/International\/wp-json\/wp\/v2\/posts\/78389","targetHints":{"allow":["GET"]}}],"collection":[{"href":"https:\/\/linitiative.ca\/International\/wp-json\/wp\/v2\/posts"}],"about":[{"href":"https:\/\/linitiative.ca\/International\/wp-json\/wp\/v2\/types\/post"}],"author":[{"embeddable":true,"href":"https:\/\/linitiative.ca\/International\/wp-json\/wp\/v2\/users\/1744"}],"replies":[{"embeddable":true,"href":"https:\/\/linitiative.ca\/International\/wp-json\/wp\/v2\/comments?post=78389"}],"version-history":[{"count":0,"href":"https:\/\/linitiative.ca\/International\/wp-json\/wp\/v2\/posts\/78389\/revisions"}],"wp:attachment":[{"href":"https:\/\/linitiative.ca\/International\/wp-json\/wp\/v2\/media?parent=78389"}],"wp:term":[{"taxonomy":"category","embeddable":true,"href":"https:\/\/linitiative.ca\/International\/wp-json\/wp\/v2\/categories?post=78389"},{"taxonomy":"post_tag","embeddable":true,"href":"https:\/\/linitiative.ca\/International\/wp-json\/wp\/v2\/tags?post=78389"}],"curies":[{"name":"wp","href":"https:\/\/api.w.org\/{rel}","templated":true}]}}