{"id":78393,"date":"2020-03-07T10:40:54","date_gmt":"2020-03-07T15:40:54","guid":{"rendered":"https:\/\/linitiative.ca\/International\/102665-jeunesse-et-sports-necessite-d-assurer-un-equilibre-entre-les-deux-secteurs-et-d-eviter-les-surcouts-des-projets\/"},"modified":"2020-03-07T10:40:54","modified_gmt":"2020-03-07T15:40:54","slug":"102665-jeunesse-et-sports-necessite-d-assurer-un-equilibre-entre-les-deux-secteurs-et-d-eviter-les-surcouts-des-projets","status":"publish","type":"post","link":"https:\/\/linitiative.ca\/International\/102665-jeunesse-et-sports-necessite-d-assurer-un-equilibre-entre-les-deux-secteurs-et-d-eviter-les-surcouts-des-projets\/","title":{"rendered":"Jeunesse et Sports: n\u00e9cessit\u00e9 d&rsquo;assurer un \u00e9quilibre entre les deux secteurs"},"content":{"rendered":"<div readability=\"39\">\n<p><strong>ALGER- Le ministre de la Jeunesse et des Sports (MJS), Sid Ali Khaldi a mis l&rsquo;accent samedi \u00e0 Alger sur la n\u00e9cessit\u00e9, pour les directeurs et directeurs d\u00e9l\u00e9gu\u00e9s de la Jeunesse et des Sports (DJS et DDJS), de veiller dans leur travail de terrain \u00e0 assurer l&rsquo;\u00e9quilibre entre les secteurs de la Jeunesse et des Sports, et de prendre le temps n\u00e9cessaire dans l&rsquo;\u00e9laboration des \u00e9tudes afin d&rsquo;\u00e9viter les prorogations r\u00e9p\u00e9t\u00e9es des d\u00e9lais et les surco\u00fbts des diff\u00e9rents projets.\u00a0\u00a0<\/strong><\/p>\n<\/div>\n<div readability=\"111.560582524\">\n<p>Dans une allocution \u00e0 l&rsquo;ouverture de la r\u00e9union de coordination regroupant les DJS et DDJS au si\u00e8ge du minist\u00e8re, M. Khaldi a rappel\u00e9 que \u00ab\u00a0le secteur de la jeunesse a \u00e9t\u00e9 plac\u00e9 par le pr\u00e9sident de la R\u00e9publique en t\u00eate des grandes priorit\u00e9s nationales (&#8230;)\u00a0\u00bb, affirmant que \u00ab\u00a0la nouvelle politique de la jeunesse exigeait un rupture avec les pratiques du pass\u00e9 et l&rsquo;adoption de nouvelles approches reposant sur l&rsquo;association des jeunes et le mouvement associatif dans la mise en \u0153uvre des plans locaux de d\u00e9veloppement (PLD)\u00a0\u00bb.<\/p>\n<p>Assurant que le sport \u00ab\u00a0restera une mission primordiale pour notre secteur, car constituant un \u00e9l\u00e9ment de coh\u00e9rence, de synergie et de coh\u00e9sion nationale, et un levier pour le rayonnement international de notre pays\u00a0\u00bb, le ministre a relev\u00e9 que cette mission sera men\u00e9e \u00e0 travers un syst\u00e8me compl\u00e9mentaire, prenant en ligne de compte le sport scolaire et universitaire jusqu&rsquo;aux plus hauts niveaux de l&rsquo;\u00e9lite sportive.<\/p>\n<p>A ce titre, le Plan d&rsquo;action du MJS repose sur trois axes, \u00e0 savoir la promotion de la jeunesse comme priorit\u00e9 nationale vitale, le d\u00e9veloppement des activit\u00e9s sportives et physiques et du sport d&rsquo;\u00e9lite, et l&rsquo;am\u00e9lioration de la couverture qualitative des infrastructures sportives et de jeunesse.<\/p>\n<blockquote readability=\"14\">\n<p><strong><em>Evoquant le premier axe du Plan d&rsquo;action, M. Khaldi a mis en exergue que \u00ab\u00a0le constat qui s&rsquo;impose \u00e0 cet \u00e9gard, se situe dans le fait que la dimension m\u00e9diatique des sports, outre les enjeux financiers, parfois politiques, ont fait de l&rsquo;axe de la jeunesse le maillon le plus faible de notre secteur\u00a0\u00bb, relevant l&rsquo;imp\u00e9rative r\u00e9alisation de l&rsquo;\u00e9quilibre n\u00e9cessaire entre la jeunesse et les sports en mati\u00e8re de travail de terrain men\u00e9 par les DJS et DDJS \u00e0 travers le territoire national.<\/em><\/strong><\/p>\n<\/blockquote>\n<p>A cette occasion, le ministre a d\u00e9plor\u00e9 le fait que \u00ab\u00a0la promotion de la jeunesse n&rsquo;a jamais b\u00e9n\u00e9fici\u00e9 de sa propre politique publique, en d\u00e9pit des efforts majeurs consentis par l&rsquo;Etat dans tous les secteurs qui sont rest\u00e9s, selon lui, incoh\u00e9rents\u00a0\u00bb, faisant \u00e9tat de la mise en place d&rsquo;un plan quinquennal de la jeunesse dans le cadre des priorit\u00e9s du gouvernement.\u00a0\u00a0\u00a0\u00a0<\/p>\n<p>\u00a0Ce plan quinquennal consiste \u00e0 raviver l&rsquo;espoir, r\u00e9tablir la confiance perdue avec les jeunes en vue de les mobiliser et impliquer dans le processus du d\u00e9veloppement socio\u00e9conomique lanc\u00e9 par le pr\u00e9sident de la R\u00e9publique, et assurer la prosp\u00e9rit\u00e9 et l&rsquo;ouverture des jeunes alg\u00e9riens sur l&rsquo;universalit\u00e9.<\/p>\n<hr\/>\n<h3>Lire aussi:\u00a0<a href=\"http:\/\/www.aps.dz\/sport\/102307-plan-d-urgence-en-cours-d-elaboration-pour-relancer-le-sport-d-elite-en-algerie\">Plan d\u2019urgence en cours d\u2019\u00e9laboration pour relancer le sport d\u2019\u00e9lite en Alg\u00e9rie<\/a><\/h3>\n<hr\/>\n<p>Le plan vise en outre \u00e0 prot\u00e9ger et ins\u00e9rer les jeunes vivant dans des conditions difficiles ou en vuln\u00e9rabilit\u00e9 et prendre en charge les jeunes du Sud et des zones d&rsquo;ombre et montagneuses tout en acc\u00e9l\u00e9rant le lancement d&rsquo;une v\u00e9ritable r\u00e9forme du r\u00f4le et des \u00e9tablissements de jeunes, \u00e9tant la cellule de base et pierre angulaire du syst\u00e8me de la jeunesse.<\/p>\n<blockquote readability=\"10\">\n<p><strong><em>Par ailleurs, M. Khaldi a soulign\u00e9 la n\u00e9cessit\u00e9 de pr\u00e9ciser la relation entre la direction de la Jeunesse et des Sports (DJS) et l&rsquo;Office des \u00e9tablissements de jeunes (ODEJ) et de mettre un terme au conflit de comp\u00e9tences \u00ab\u00a0qui a impact\u00e9 n\u00e9gativement le bon d\u00e9roulement de ces \u00e9tablissements\u00a0\u00bb, affirmant qu&rsquo;il \u00ab\u00a0n&rsquo;y a qu&rsquo;un seul DJS dans chaque wilaya<\/em><\/strong>\u00ab\u00a0.<\/p>\n<\/blockquote>\n<p>S&rsquo;agissant des sports, le premier responsable du secteur a fait \u00e9tat d&rsquo;une panoplie de mesures visant essentiellement \u00e0 \u00e9largir le champ du sport scolaire et universitaire, valoriser le sport d&rsquo;\u00e9lite, et promouvoir celui des personnes aux besoins sp\u00e9cifiques, f\u00e9minin et de proximit\u00e9, en collaborant avec les deux minist\u00e8res de l&rsquo;Education nationale et de l&rsquo;Enseignement sup\u00e9rieur et de la Recherche scientifique en vue de la mise en place d&rsquo;une approche efficace visant \u00e0 relancer le sport scolaire et universitaire conform\u00e9ment aux instructions du pr\u00e9sident de la R\u00e9publique.<\/p>\n<p>Il a \u00e9galement appel\u00e9 les DJS \u00e0 \u00e9laborer un fichier local pour d\u00e9celer les jeunes talents sportifs et assurer leur formation et accompagnement tout au long de leur parcours sportif, avec la mise en place d&rsquo;un plan de relance des jeux nationaux scolaires et universitaires et de cr\u00e9ation des acad\u00e9mies et des classes sportives, relevant la n\u00e9cessit\u00e9 de revoir les relations contractuelles avec les ligues et clubs sportifs sur la base des contrats d&rsquo;efficacit\u00e9 pr\u00e9voyant des objectifs bien d\u00e9finis.<\/p>\n<blockquote readability=\"10\">\n<p><strong><em>Afin d&rsquo;\u00e9viter les prorogations r\u00e9p\u00e9t\u00e9es des d\u00e9lais et les surco\u00fbts financiers des projets, le ministre de la Jeunesse et des Sports a plaid\u00e9 pour la non pr\u00e9cipitation dans l&rsquo;\u00e9laboration des \u00e9tudes \u00ab\u00a0en cette circonstance \u00e9conomique qui nous interpelle fortement \u00e0 rationnaliser les d\u00e9penses publiques\u00a0\u00bb, relevant l&rsquo;importance de maintenir et de r\u00e9habiliter le parc des infrastructures sportives et de jeunesse en les dotant des \u00e9quipements modernes en ad\u00e9quation avec les besoins de la jeunesse.<\/em><\/strong><\/p>\n<\/blockquote>\n<p>A noter que les travaux de la r\u00e9union de coordination avec les directeurs et directeurs d\u00e9l\u00e9gu\u00e9s de la Jeunesse et des Sports se poursuivront \u00e0 huis clos en pr\u00e9sence du Secr\u00e9taire d&rsquo;Etat charg\u00e9 du sport d&rsquo;\u00e9lite, Noureddine Morceli.<\/p>\n<\/div>\n<p>Auteur:<br \/>\n<a href=\"http:\/\/www.aps.dz\/sport\/102665-jeunesse-et-sports-necessite-d-assurer-un-equilibre-entre-les-deux-secteurs-et-d-eviter-les-surcouts-des-projets?utm_source=feedburner&#038;utm_medium=feed&#038;utm_campaign=Feed%3A+aps-sport+%28APS+-+SPORT%29\">Cliquez ici pour lire l&rsquo;article depuis sa source.<\/a><\/p>\n","protected":false},"excerpt":{"rendered":"<p>ALGER- Le ministre de la Jeunesse et des Sports (MJS), Sid Ali Khaldi a mis l&rsquo;accent samedi \u00e0 Alger sur la n\u00e9cessit\u00e9, pour les directeurs et directeurs d\u00e9l\u00e9gu\u00e9s de la Jeunesse et des Sports (DJS et DDJS), de veiller dans leur travail de terrain \u00e0 assurer l&rsquo;\u00e9quilibre entre les secteurs de la Jeunesse et des [&hellip;]<\/p>\n","protected":false},"author":1790,"featured_media":0,"comment_status":"closed","ping_status":"closed","sticky":false,"template":"","format":"standard","meta":{"fifu_image_url":"","fifu_image_alt":"","footnotes":""},"categories":[53,75],"tags":[],"class_list":["post-78393","post","type-post","status-publish","format-standard","hentry","category-algerie","category-sport"],"_links":{"self":[{"href":"https:\/\/linitiative.ca\/International\/wp-json\/wp\/v2\/posts\/78393","targetHints":{"allow":["GET"]}}],"collection":[{"href":"https:\/\/linitiative.ca\/International\/wp-json\/wp\/v2\/posts"}],"about":[{"href":"https:\/\/linitiative.ca\/International\/wp-json\/wp\/v2\/types\/post"}],"author":[{"embeddable":true,"href":"https:\/\/linitiative.ca\/International\/wp-json\/wp\/v2\/users\/1790"}],"replies":[{"embeddable":true,"href":"https:\/\/linitiative.ca\/International\/wp-json\/wp\/v2\/comments?post=78393"}],"version-history":[{"count":0,"href":"https:\/\/linitiative.ca\/International\/wp-json\/wp\/v2\/posts\/78393\/revisions"}],"wp:attachment":[{"href":"https:\/\/linitiative.ca\/International\/wp-json\/wp\/v2\/media?parent=78393"}],"wp:term":[{"taxonomy":"category","embeddable":true,"href":"https:\/\/linitiative.ca\/International\/wp-json\/wp\/v2\/categories?post=78393"},{"taxonomy":"post_tag","embeddable":true,"href":"https:\/\/linitiative.ca\/International\/wp-json\/wp\/v2\/tags?post=78393"}],"curies":[{"name":"wp","href":"https:\/\/api.w.org\/{rel}","templated":true}]}}