{"id":78395,"date":"2020-03-07T11:13:00","date_gmt":"2020-03-07T16:13:00","guid":{"rendered":"https:\/\/linitiative.ca\/International\/securite-sociale-4-millions-de-retraites-beneficieront-de-cartes-electroniques\/"},"modified":"2020-03-07T11:13:00","modified_gmt":"2020-03-07T16:13:00","slug":"securite-sociale-4-millions-de-retraites-beneficieront-de-cartes-electroniques","status":"publish","type":"post","link":"https:\/\/linitiative.ca\/International\/securite-sociale-4-millions-de-retraites-beneficieront-de-cartes-electroniques\/","title":{"rendered":"SECURITE SOCIALE  : 4 millions de retrait\u00e9s b\u00e9n\u00e9ficieront de cartes \u00e9lectroniques"},"content":{"rendered":"<p><br id=\"sep_para_1\" class=\"sep_para access\"\/><\/p>\n<div id=\"para_1\" class=\"para_35845012 resize\">\n<div class=\"texte access firstletter\">En effet, le directeur de la protection des personnes \u00e2g\u00e9es au minist\u00e8re de la Solidarit\u00e9 nationale, Abdelhakim Hocine, a fait savoir lors de son passage sur les ondes de la radio cha\u00eene 1, que ses services s\u2019attelaient \u00e0 moderniser les services sociaux \u00e0 travers la num\u00e9risation, rapporte le quotidien arabophone Echorouk.\u00a0 Abdelhakim Hocine a expliqu\u00e9 que ce dispositif consistait \u00e0 mettre en place une carte \u00e9lectronique \u00e0 la disposition de 4 millions de retrait\u00e9s et personnes \u00e2g\u00e9es, leur permettant de b\u00e9n\u00e9ficier d\u2019une assistance \u00e0 domicile, de profiter de l\u2019octroi d\u2019outils m\u00e9dicaux et des s\u00e9jours r\u00e9cr\u00e9atifs d\u00e9di\u00e9s aux personnes \u00e2g\u00e9es, a-t-il confi\u00e9.\u00a0 \u00ab 10% de la population sont des personnes \u00e2g\u00e9es en Alg\u00e9rie soit 4 millions de personnes \u00bb, a r\u00e9v\u00e9l\u00e9 le directeur de la protection des personnes \u00e2g\u00e9es, expliquant en outre, qu\u2019\u00e0 l\u2019avenir d\u2019autres avantages seraient disponibles, tels que la r\u00e9duction du co\u00fbt des transports urbains.\u00a0 Dans le m\u00eame contexte, Abdelhakim Hocine a appel\u00e9 les pouvoirs publics \u00e0 \u00e9difier un programme sp\u00e9cial en vue de renforcer la prise en charge de cette cat\u00e9gorie d\u2019\u00e2ge, longtemps oubli\u00e9e et marginalis\u00e9e, en l\u2019accompagnant dans le milieu familial et social.\u00a0 Le repr\u00e9sentant du minist\u00e8re de la solidarit\u00e9 a par ailleurs r\u00e9v\u00e9l\u00e9 l\u2019existence de 1.603 personnes \u00e2g\u00e9es demeurant dans 31 maisons de retraite, ce qui repr\u00e9sente un taux insignifiant en comparaison avec le nombre total de cette cat\u00e9gorie, a-t-il affirm\u00e9, expliquant \u00e0 cet \u00e9gard, que le nouveau plan d\u2019action du gouvernement a d\u00e9di\u00e9 un volet \u00e0 la protection et \u00e0 l\u2019accompagnement des personnes \u00e2g\u00e9es et de toutes cat\u00e9gories relevant de la comp\u00e9tence du secteur.\u00a0 Rappelons qu\u2019environ 60% du nombre total de retrait\u00e9s re\u00e7oivent des pensions mensuelles inf\u00e9rieures \u00e0 30.000 dinars. Ainsi, la strat\u00e9gie d\u2019am\u00e9lioration du niveau de vie et du pouvoir d\u2019achat du citoyen Alg\u00e9rien comprend, l\u2019exon\u00e9ration de la redevance de l\u2019imp\u00f4t sur le revenu de l\u2019IRG et plus pr\u00e9cis\u00e9ment pour\u00a0 cette cat\u00e9gorie de personnes.<\/div>\n<\/div>\n<p>Auteur: Ismain<br \/>\n<a href=\"https:\/\/www.reflexiondz.net\/SECURITE-SOCIALE-4-millions-de-retraites-beneficieront-de-cartes-electroniques_a61106.html\">Cliquez ici pour lire l&rsquo;article depuis sa source.<\/a><\/p>\n","protected":false},"excerpt":{"rendered":"<p>En effet, le directeur de la protection des personnes \u00e2g\u00e9es au minist\u00e8re de la Solidarit\u00e9 nationale, Abdelhakim Hocine, a fait savoir lors de son passage sur les ondes de la radio cha\u00eene 1, que ses services s\u2019attelaient \u00e0 moderniser les services sociaux \u00e0 travers la num\u00e9risation, rapporte le quotidien arabophone Echorouk.\u00a0 Abdelhakim Hocine a expliqu\u00e9 [&hellip;]<\/p>\n","protected":false},"author":1740,"featured_media":0,"comment_status":"closed","ping_status":"closed","sticky":false,"template":"","format":"standard","meta":{"fifu_image_url":"","fifu_image_alt":"","footnotes":""},"categories":[53,76],"tags":[],"class_list":["post-78395","post","type-post","status-publish","format-standard","hentry","category-algerie","category-regions"],"_links":{"self":[{"href":"https:\/\/linitiative.ca\/International\/wp-json\/wp\/v2\/posts\/78395","targetHints":{"allow":["GET"]}}],"collection":[{"href":"https:\/\/linitiative.ca\/International\/wp-json\/wp\/v2\/posts"}],"about":[{"href":"https:\/\/linitiative.ca\/International\/wp-json\/wp\/v2\/types\/post"}],"author":[{"embeddable":true,"href":"https:\/\/linitiative.ca\/International\/wp-json\/wp\/v2\/users\/1740"}],"replies":[{"embeddable":true,"href":"https:\/\/linitiative.ca\/International\/wp-json\/wp\/v2\/comments?post=78395"}],"version-history":[{"count":0,"href":"https:\/\/linitiative.ca\/International\/wp-json\/wp\/v2\/posts\/78395\/revisions"}],"wp:attachment":[{"href":"https:\/\/linitiative.ca\/International\/wp-json\/wp\/v2\/media?parent=78395"}],"wp:term":[{"taxonomy":"category","embeddable":true,"href":"https:\/\/linitiative.ca\/International\/wp-json\/wp\/v2\/categories?post=78395"},{"taxonomy":"post_tag","embeddable":true,"href":"https:\/\/linitiative.ca\/International\/wp-json\/wp\/v2\/tags?post=78395"}],"curies":[{"name":"wp","href":"https:\/\/api.w.org\/{rel}","templated":true}]}}