{"id":78396,"date":"2020-03-07T11:13:00","date_gmt":"2020-03-07T16:13:00","guid":{"rendered":"https:\/\/linitiative.ca\/International\/coronavirus-2-nouveaux-cas-enregistres-en-algerie\/"},"modified":"2020-03-07T11:13:00","modified_gmt":"2020-03-07T16:13:00","slug":"coronavirus-2-nouveaux-cas-enregistres-en-algerie","status":"publish","type":"post","link":"https:\/\/linitiative.ca\/International\/coronavirus-2-nouveaux-cas-enregistres-en-algerie\/","title":{"rendered":"CORONAVIRUS  : 2 nouveaux cas  enregistr\u00e9s en Alg\u00e9rie"},"content":{"rendered":"<p><br id=\"sep_para_1\" class=\"sep_para access\"\/><\/p>\n<div id=\"para_1\" class=\"para_35845023 resize\">\n<div class=\"texte access firstletter\">Deux (02) nouveaux cas de Coronavirus (Covid-19) ont \u00e9t\u00e9 confirm\u00e9s samedi en Alg\u00e9rie, indique le minist\u00e8re de la Sant\u00e9, de la Population et de la R\u00e9forme hospitali\u00e8re dans un communiqu\u00e9. Il s&rsquo;agit d&rsquo;un \u00ab\u00a0cas enregistr\u00e9 dans la m\u00eame famille o\u00f9 les cas ont \u00e9t\u00e9 pr\u00e9c\u00e9demment confirm\u00e9s\u00a0\u00bb, pr\u00e9cise le communiqu\u00e9, ajoutant que le \u00ab\u00a0deuxi\u00e8me cas est un ressortissant alg\u00e9rien ayant s\u00e9journ\u00e9 en Europe\u00a0\u00bb. Avec ces deux nouveaux cas confirm\u00e9s, le nombre de personnes infect\u00e9es par ce nouveau virus passe \u00e0 19 cas. Pour rappel, les deux premi\u00e8res personnes, une femme de 53 ans et sa fille \u00e2g\u00e9e de 24 ans, porteurs sains ont \u00e9t\u00e9 confirm\u00e9es positives au coronavirus dimanche dernier par le Laboratoire national de r\u00e9f\u00e9rence de l&rsquo;Institut Pasteur d&rsquo;Alg\u00e9rie. Le dispositif de surveillance et d&rsquo;alerte mis en place et renforc\u00e9 r\u00e9guli\u00e8rement pour r\u00e9pondre \u00e0 l&rsquo;\u00e9volution de la situation \u00e9pid\u00e9miologique du coronavirus a permis de retracer le parcours d&rsquo;un Alg\u00e9rien de 83 ans et sa fille r\u00e9sidants en France ayant s\u00e9journ\u00e9 en Alg\u00e9rie du 14 au 21 f\u00e9vrier 2020 dans leur famille \u00e0 Blida et qui ont \u00e9t\u00e9 confirm\u00e9s positifs au coronavirus apr\u00e8s leur retour en France, le 21 f\u00e9vrier 2020. Le minist\u00e8re de la Sant\u00e9 a affirm\u00e9 que l&rsquo;enqu\u00eate \u00e9pid\u00e9miologique se poursuit pour retrouver et identifier toutes les personnes contacts\u00a0\u00bb, en rappelant le \u00ab\u00a0strict respect\u00a0\u00bb des mesures pr\u00e9ventives: se laver les mains, \u00e0 l&rsquo;eau et au savon liquide, ou par friction avec une solution hydro-alcoolique, et en cas de toux ou d&rsquo;\u00e9ternuement, se couvrir la bouche et le nez avec le pli du coude ou un mouchoir en papier \u00e0 usage unique, s&rsquo;en d\u00e9barrasser imm\u00e9diatement apr\u00e8s utilisation et se laver les mains\u00a0\u00bb.<\/div>\n<\/div>\n<p>Auteur: Nadine<br \/>\n<a href=\"https:\/\/www.reflexiondz.net\/CORONAVIRUS-2-nouveaux-cas-enregistres-en-Algerie_a61110.html\">Cliquez ici pour lire l&rsquo;article depuis sa source.<\/a><\/p>\n","protected":false},"excerpt":{"rendered":"<p>Deux (02) nouveaux cas de Coronavirus (Covid-19) ont \u00e9t\u00e9 confirm\u00e9s samedi en Alg\u00e9rie, indique le minist\u00e8re de la Sant\u00e9, de la Population et de la R\u00e9forme hospitali\u00e8re dans un communiqu\u00e9. Il s&rsquo;agit d&rsquo;un \u00ab\u00a0cas enregistr\u00e9 dans la m\u00eame famille o\u00f9 les cas ont \u00e9t\u00e9 pr\u00e9c\u00e9demment confirm\u00e9s\u00a0\u00bb, pr\u00e9cise le communiqu\u00e9, ajoutant que le \u00ab\u00a0deuxi\u00e8me cas est [&hellip;]<\/p>\n","protected":false},"author":1740,"featured_media":0,"comment_status":"closed","ping_status":"closed","sticky":false,"template":"","format":"standard","meta":{"fifu_image_url":"","fifu_image_alt":"","footnotes":""},"categories":[53,76],"tags":[],"class_list":["post-78396","post","type-post","status-publish","format-standard","hentry","category-algerie","category-regions"],"_links":{"self":[{"href":"https:\/\/linitiative.ca\/International\/wp-json\/wp\/v2\/posts\/78396","targetHints":{"allow":["GET"]}}],"collection":[{"href":"https:\/\/linitiative.ca\/International\/wp-json\/wp\/v2\/posts"}],"about":[{"href":"https:\/\/linitiative.ca\/International\/wp-json\/wp\/v2\/types\/post"}],"author":[{"embeddable":true,"href":"https:\/\/linitiative.ca\/International\/wp-json\/wp\/v2\/users\/1740"}],"replies":[{"embeddable":true,"href":"https:\/\/linitiative.ca\/International\/wp-json\/wp\/v2\/comments?post=78396"}],"version-history":[{"count":0,"href":"https:\/\/linitiative.ca\/International\/wp-json\/wp\/v2\/posts\/78396\/revisions"}],"wp:attachment":[{"href":"https:\/\/linitiative.ca\/International\/wp-json\/wp\/v2\/media?parent=78396"}],"wp:term":[{"taxonomy":"category","embeddable":true,"href":"https:\/\/linitiative.ca\/International\/wp-json\/wp\/v2\/categories?post=78396"},{"taxonomy":"post_tag","embeddable":true,"href":"https:\/\/linitiative.ca\/International\/wp-json\/wp\/v2\/tags?post=78396"}],"curies":[{"name":"wp","href":"https:\/\/api.w.org\/{rel}","templated":true}]}}