{"id":78397,"date":"2020-03-07T11:13:00","date_gmt":"2020-03-07T16:13:00","guid":{"rendered":"https:\/\/linitiative.ca\/International\/pour-espionnage-deux-algeriens-arretes-a-oum-teboul\/"},"modified":"2020-03-07T11:13:00","modified_gmt":"2020-03-07T16:13:00","slug":"pour-espionnage-deux-algeriens-arretes-a-oum-teboul","status":"publish","type":"post","link":"https:\/\/linitiative.ca\/International\/pour-espionnage-deux-algeriens-arretes-a-oum-teboul\/","title":{"rendered":"POUR ESPIONNAGE \t : Deux Alg\u00e9riens arr\u00eat\u00e9s  \u00e0 Oum Teboul"},"content":{"rendered":"<p><br id=\"sep_para_1\" class=\"sep_para access\"\/><\/p>\n<div id=\"para_1\" class=\"para_35845018 resize\">\n<div class=\"texte access firstletter\">Les services de s\u00e9curit\u00e9 ont arr\u00eat\u00e9 pour espionnage deux Alg\u00e9riens qui auraient \u00e9t\u00e9 en contact avec un ressortissant \u00e9tranger, au poste frontalier d\u2019Oum Teboul, jeudi 5 mars, alors qu\u2019ils s\u2019appr\u00eataient \u00e0 quitter le territoire national, rapporte Echourouk, qui cite des sources s\u00fbres. Pour les services de s\u00e9curit\u00e9, il y\u2019aurait eu tout un plan d\u2019espionnage ex\u00e9cut\u00e9 par le ressortissant \u00e9tranger, aid\u00e9 dans sa mission par les deux Alg\u00e9riens, avec pour objectif d\u2019entrer en contact avec un pays \u00e9tranger, porter atteinte \u00e0 la d\u00e9fense nationale et \u00e0 la s\u00e9curit\u00e9 nationale. Le ressortissant \u00e9tranger aurait particip\u00e9 \u00e0 des marches dans les diff\u00e9rentes villes du pays, avant de quitter le territoire national, rapporte la m\u00eame source qui ajoute que \u00ab des drones \u00bb, qualifi\u00e9s \u00ab\u00a0 d\u2019appareils d\u2019espionnage\u00a0 \u00bb, ont \u00e9t\u00e9 retrouv\u00e9s sur les deux personnes arr\u00eat\u00e9es. Les deux personnes ont \u00e9t\u00e9 pr\u00e9sent\u00e9es devant le tribunal d\u2019El Qala qui les a plac\u00e9es en d\u00e9tention provisoire pour plusieurs chefs d\u2019accusation dont trahison, espionnage et au non-signalement d\u2019activit\u00e9s de nature \u00e0 porter pr\u00e9judice \u00e0 la d\u00e9fense nationale. Un mandat d\u2019arr\u00eat international a \u00e9t\u00e9 d\u00e9livr\u00e9 contre le ressortissant \u00e9tranger pour les chefs d\u2019accusation d\u2019espionnage, complot contre la d\u00e9fense nationale et d\u2019atteinte au moral de l\u2019arm\u00e9e, rapporte Echourouk qui ne cite pas la nationalit\u00e9 de l\u2019individu en question.<\/div>\n<\/div>\n<p>Auteur: Ismain<br \/>\n<a href=\"https:\/\/www.reflexiondz.net\/POUR-ESPIONNAGE-Deux-Algeriens-arretes-a-Oum-Teboul_a61108.html\">Cliquez ici pour lire l&rsquo;article depuis sa source.<\/a><\/p>\n","protected":false},"excerpt":{"rendered":"<p>Les services de s\u00e9curit\u00e9 ont arr\u00eat\u00e9 pour espionnage deux Alg\u00e9riens qui auraient \u00e9t\u00e9 en contact avec un ressortissant \u00e9tranger, au poste frontalier d\u2019Oum Teboul, jeudi 5 mars, alors qu\u2019ils s\u2019appr\u00eataient \u00e0 quitter le territoire national, rapporte Echourouk, qui cite des sources s\u00fbres. Pour les services de s\u00e9curit\u00e9, il y\u2019aurait eu tout un plan d\u2019espionnage ex\u00e9cut\u00e9 [&hellip;]<\/p>\n","protected":false},"author":1740,"featured_media":0,"comment_status":"closed","ping_status":"closed","sticky":false,"template":"","format":"standard","meta":{"fifu_image_url":"","fifu_image_alt":"","footnotes":""},"categories":[53,76],"tags":[],"class_list":["post-78397","post","type-post","status-publish","format-standard","hentry","category-algerie","category-regions"],"_links":{"self":[{"href":"https:\/\/linitiative.ca\/International\/wp-json\/wp\/v2\/posts\/78397","targetHints":{"allow":["GET"]}}],"collection":[{"href":"https:\/\/linitiative.ca\/International\/wp-json\/wp\/v2\/posts"}],"about":[{"href":"https:\/\/linitiative.ca\/International\/wp-json\/wp\/v2\/types\/post"}],"author":[{"embeddable":true,"href":"https:\/\/linitiative.ca\/International\/wp-json\/wp\/v2\/users\/1740"}],"replies":[{"embeddable":true,"href":"https:\/\/linitiative.ca\/International\/wp-json\/wp\/v2\/comments?post=78397"}],"version-history":[{"count":0,"href":"https:\/\/linitiative.ca\/International\/wp-json\/wp\/v2\/posts\/78397\/revisions"}],"wp:attachment":[{"href":"https:\/\/linitiative.ca\/International\/wp-json\/wp\/v2\/media?parent=78397"}],"wp:term":[{"taxonomy":"category","embeddable":true,"href":"https:\/\/linitiative.ca\/International\/wp-json\/wp\/v2\/categories?post=78397"},{"taxonomy":"post_tag","embeddable":true,"href":"https:\/\/linitiative.ca\/International\/wp-json\/wp\/v2\/tags?post=78397"}],"curies":[{"name":"wp","href":"https:\/\/api.w.org\/{rel}","templated":true}]}}