{"id":78398,"date":"2020-03-07T11:13:00","date_gmt":"2020-03-07T16:13:00","guid":{"rendered":"https:\/\/linitiative.ca\/International\/salah-goudjil-recadre-un-senateur\/"},"modified":"2020-03-07T11:13:00","modified_gmt":"2020-03-07T16:13:00","slug":"salah-goudjil-recadre-un-senateur","status":"publish","type":"post","link":"https:\/\/linitiative.ca\/International\/salah-goudjil-recadre-un-senateur\/","title":{"rendered":"Salah Goudjil recadre un s\u00e9nateur !"},"content":{"rendered":"<p><br id=\"sep_para_1\" class=\"sep_para access\"\/><\/p>\n<div id=\"para_1\" class=\"para_35845028 resize\">\n<div class=\"texte access firstletter\">Le pr\u00e9sident par int\u00e9rim du Conseil de la nation a recadr\u00e9 un s\u00e9nateur pour avoir pos\u00e9 une question g\u00eanante au ministre des Transports relative aux risques de propagation du coronavirus en raison de la reprise des vols de et vers la Chine. Le membre du S\u00e9nat s\u2019est adress\u00e9 au membre du gouvernement en soulignant que la sant\u00e9 des Alg\u00e9riens doit passer avant les int\u00e9r\u00eats \u00e9conomiques et diplomatiques, quand bien m\u00eame l\u2019Alg\u00e9rie est li\u00e9e avec la Chine par des relations amicales. Salah Goudjil a interrompu le s\u00e9nateur en s\u2019appuyant sur les \u00abtextes r\u00e9glementaires\u00bb de la chambre haute du Parlement et en lui reprochant de s\u2019en \u00eatre \u00e9loign\u00e9. Le rempla\u00e7ant \u00abprovisoire\u00bb d\u2019Abdelkader Bensalah n\u2019a pas manqu\u00e9 de faire un clin d\u2019\u0153il \u00e0 l\u2019Ex\u00e9cutif dont il a affirm\u00e9 que cela relevait de ses comp\u00e9tences, en ajoutant que le gouvernement \u00e9tait bien plac\u00e9 pour g\u00e9rer cette question.<\/div>\n<\/div>\n<p>Auteur: R\u00e9flexion<br \/>\n<a href=\"https:\/\/www.reflexiondz.net\/Salah-Goudjil-recadre-un-senateur-_a61112.html\">Cliquez ici pour lire l&rsquo;article depuis sa source.<\/a><\/p>\n","protected":false},"excerpt":{"rendered":"<p>Le pr\u00e9sident par int\u00e9rim du Conseil de la nation a recadr\u00e9 un s\u00e9nateur pour avoir pos\u00e9 une question g\u00eanante au ministre des Transports relative aux risques de propagation du coronavirus en raison de la reprise des vols de et vers la Chine. Le membre du S\u00e9nat s\u2019est adress\u00e9 au membre du gouvernement en soulignant que [&hellip;]<\/p>\n","protected":false},"author":1740,"featured_media":0,"comment_status":"closed","ping_status":"closed","sticky":false,"template":"","format":"standard","meta":{"fifu_image_url":"","fifu_image_alt":"","footnotes":""},"categories":[53,76],"tags":[],"class_list":["post-78398","post","type-post","status-publish","format-standard","hentry","category-algerie","category-regions"],"_links":{"self":[{"href":"https:\/\/linitiative.ca\/International\/wp-json\/wp\/v2\/posts\/78398","targetHints":{"allow":["GET"]}}],"collection":[{"href":"https:\/\/linitiative.ca\/International\/wp-json\/wp\/v2\/posts"}],"about":[{"href":"https:\/\/linitiative.ca\/International\/wp-json\/wp\/v2\/types\/post"}],"author":[{"embeddable":true,"href":"https:\/\/linitiative.ca\/International\/wp-json\/wp\/v2\/users\/1740"}],"replies":[{"embeddable":true,"href":"https:\/\/linitiative.ca\/International\/wp-json\/wp\/v2\/comments?post=78398"}],"version-history":[{"count":0,"href":"https:\/\/linitiative.ca\/International\/wp-json\/wp\/v2\/posts\/78398\/revisions"}],"wp:attachment":[{"href":"https:\/\/linitiative.ca\/International\/wp-json\/wp\/v2\/media?parent=78398"}],"wp:term":[{"taxonomy":"category","embeddable":true,"href":"https:\/\/linitiative.ca\/International\/wp-json\/wp\/v2\/categories?post=78398"},{"taxonomy":"post_tag","embeddable":true,"href":"https:\/\/linitiative.ca\/International\/wp-json\/wp\/v2\/tags?post=78398"}],"curies":[{"name":"wp","href":"https:\/\/api.w.org\/{rel}","templated":true}]}}