{"id":78399,"date":"2020-03-07T11:13:00","date_gmt":"2020-03-07T16:13:00","guid":{"rendered":"https:\/\/linitiative.ca\/International\/sidi-bel-abbes-destruction-dune-mine-de-confection-artisanale\/"},"modified":"2020-03-07T11:13:00","modified_gmt":"2020-03-07T16:13:00","slug":"sidi-bel-abbes-destruction-dune-mine-de-confection-artisanale","status":"publish","type":"post","link":"https:\/\/linitiative.ca\/International\/sidi-bel-abbes-destruction-dune-mine-de-confection-artisanale\/","title":{"rendered":"SIDI BEL ABBES : Destruction d&rsquo;une mine de confection artisanale"},"content":{"rendered":"<p><br id=\"sep_para_1\" class=\"sep_para access\"\/><\/p>\n<div id=\"para_1\" class=\"para_35845015 resize\">\n<div class=\"texte access firstletter\">Un d\u00e9tachement combin\u00e9 de l&rsquo;Arm\u00e9e Nationale Populaire (ANP) a d\u00e9couvert et d\u00e9truit vendredi une mine de confection artisanale et r\u00e9cup\u00e9r\u00e9 une quantit\u00e9 de munitions dans la localit\u00e9 de Tafassour de la wilaya de Sidi Bel Abb\u00e8s, a indiqu\u00e9 samedi un communiqu\u00e9 du minist\u00e8re de la D\u00e9fense nationale (MDN). \u00ab\u00a0Dans le cadre de la lutte antiterroriste et suite \u00e0 une op\u00e9ration de fouille et de ratissage men\u00e9e, le 6 mars 2020, dans la localit\u00e9 de Tafassour, wilaya de Sidi Bel Abb\u00e8s\/2\u00e8me\u00a0 RM, un D\u00e9tachement combin\u00e9 de l\u2019Arm\u00e9e Nationale Populaire a d\u00e9couvert et d\u00e9truit une (1) mine de confection artisanale et r\u00e9cup\u00e9r\u00e9 une quantit\u00e9 de munitions\u00a0\u00bb, pr\u00e9cise le MDN. Dans le cadre de la lutte contre la contrebande et le crime organis\u00e9, \u00ab\u00a0un D\u00e9tachement combin\u00e9 de l\u2019ANP et des Garde-fronti\u00e8res a arr\u00eat\u00e9, \u00e0 Ain Defla\/1\u00e8re\u00a0 RM et Tlemcen\/2\u00e8me\u00a0 RM, deux (2) narcotrafiquants et saisi (46) kilogrammes et (795) grammes de kif trait\u00e9, alors que des \u00e9l\u00e9ments de la Gendarmerie nationale ont arr\u00eat\u00e9, \u00e0 Na\u00e2ma \/2\u00e8me\u00a0 RM, (1) narcotrafiquant en possession de (1) kilogramme de la m\u00eame substance et (2) individus \u00e0 bord d\u2019une camionnette charg\u00e9e de (10) quintaux de tabac \u00e0 Biskra\/4 RM\u00a0\u00bb, a joute le communiqu\u00e9.\u00a0\u00a0\u00a0\u00a0\u00a0\u00a0\u00a0\u00a0\u00a0\u00a0\u00a0\u00a0\u00a0\u00a0\u00a0\u00a0\u00a0\u00a0<\/div>\n<\/div>\n<p>Auteur: Nadine<br \/>\n<a href=\"https:\/\/www.reflexiondz.net\/SIDI-BEL-ABBES-Destruction-d-une-mine-de-confection-artisanale_a61107.html\">Cliquez ici pour lire l&rsquo;article depuis sa source.<\/a><\/p>\n","protected":false},"excerpt":{"rendered":"<p>Un d\u00e9tachement combin\u00e9 de l&rsquo;Arm\u00e9e Nationale Populaire (ANP) a d\u00e9couvert et d\u00e9truit vendredi une mine de confection artisanale et r\u00e9cup\u00e9r\u00e9 une quantit\u00e9 de munitions dans la localit\u00e9 de Tafassour de la wilaya de Sidi Bel Abb\u00e8s, a indiqu\u00e9 samedi un communiqu\u00e9 du minist\u00e8re de la D\u00e9fense nationale (MDN). \u00ab\u00a0Dans le cadre de la lutte antiterroriste [&hellip;]<\/p>\n","protected":false},"author":1740,"featured_media":0,"comment_status":"closed","ping_status":"closed","sticky":false,"template":"","format":"standard","meta":{"fifu_image_url":"","fifu_image_alt":"","footnotes":""},"categories":[53,76],"tags":[],"class_list":["post-78399","post","type-post","status-publish","format-standard","hentry","category-algerie","category-regions"],"_links":{"self":[{"href":"https:\/\/linitiative.ca\/International\/wp-json\/wp\/v2\/posts\/78399","targetHints":{"allow":["GET"]}}],"collection":[{"href":"https:\/\/linitiative.ca\/International\/wp-json\/wp\/v2\/posts"}],"about":[{"href":"https:\/\/linitiative.ca\/International\/wp-json\/wp\/v2\/types\/post"}],"author":[{"embeddable":true,"href":"https:\/\/linitiative.ca\/International\/wp-json\/wp\/v2\/users\/1740"}],"replies":[{"embeddable":true,"href":"https:\/\/linitiative.ca\/International\/wp-json\/wp\/v2\/comments?post=78399"}],"version-history":[{"count":0,"href":"https:\/\/linitiative.ca\/International\/wp-json\/wp\/v2\/posts\/78399\/revisions"}],"wp:attachment":[{"href":"https:\/\/linitiative.ca\/International\/wp-json\/wp\/v2\/media?parent=78399"}],"wp:term":[{"taxonomy":"category","embeddable":true,"href":"https:\/\/linitiative.ca\/International\/wp-json\/wp\/v2\/categories?post=78399"},{"taxonomy":"post_tag","embeddable":true,"href":"https:\/\/linitiative.ca\/International\/wp-json\/wp\/v2\/tags?post=78399"}],"curies":[{"name":"wp","href":"https:\/\/api.w.org\/{rel}","templated":true}]}}