{"id":78405,"date":"2020-03-07T03:30:00","date_gmt":"2020-03-07T08:30:00","guid":{"rendered":"https:\/\/linitiative.ca\/International\/ghazi-fourati-parcours-dun-combattant-en-suede-video\/"},"modified":"2020-03-07T03:30:00","modified_gmt":"2020-03-07T08:30:00","slug":"ghazi-fourati-parcours-dun-combattant-en-suede-video","status":"publish","type":"post","link":"https:\/\/linitiative.ca\/International\/ghazi-fourati-parcours-dun-combattant-en-suede-video\/","title":{"rendered":"Ghazi Fourati: Parcours d\u2019un combattant en Su\u00e8de (Vid\u00e9o)"},"content":{"rendered":"<p><strong><strong><em>Stockholm \u2013 De l\u2019envoy\u00e9 sp\u00e9cial de Leaders, Fatma Hentati<\/em><\/strong><\/strong><\/p>\n<p>Install\u00e9 \u00e0 Stockholm depuis plus de 15 ans, Ghazi Fourati est un brillant chef d\u2019entreprise sp\u00e9cialis\u00e9e dans la vente en ligne de pi\u00e8ces automobiles et plus particuli\u00e8rement de suspensions pneumatiques pour voitures de luxe. Originaire de Sfax, Ghazi Fourati a pli\u00e9 bagage \u00e0 l\u2019\u00e2ge de 19 ans pour aller s\u2019installer en France. \u00ab Depuis mon jeune \u00e2ge, confie-t-il \u00e0 Leaders, j\u2019avais cette envie inexplicable d\u2019entreprendre des affaires. A peine deux ans apr\u00e8s mon arriv\u00e9e en France, j\u2019avais cr\u00e9\u00e9 ma premi\u00e8re soci\u00e9t\u00e9 de prestations de services. En 1997, je monte une entreprise sp\u00e9cialis\u00e9e dans le commerce international avec des bureaux install\u00e9s sur l\u2019avenue la plus prestigieuse de Paris, les Champs-Elys\u00e9es, o\u00f9 j\u2019ai travaill\u00e9 jusqu\u2019en 2004.<\/p>\n<p class=\"c2\"><img decoding=\"async\" src=\"\/uploads\/FCK_files\/Ghazi(2).jpg\" width=\"100%\" vspace=\"5\" hspace=\"5\" align=\"middle\" alt=\"\"\/><\/p>\n<p>En 2005, et pour des raisons familiales, Ghazi Fourati a pos\u00e9 ses bagages en Su\u00e8de. \u00ab\u00c0 mon arriv\u00e9e dans ce beau pays, nous dit-il, j\u2019avais d\u00e9cid\u00e9 d\u2019apprendre la langue su\u00e9doise afin de bien m\u2019int\u00e9grer dans la soci\u00e9t\u00e9 et m\u2019impr\u00e9gner correctement de la culture locale. Une fois cette \u00e9tape pass\u00e9e, j\u2019avais encha\u00een\u00e9 avec une ann\u00e9e de cours acc\u00e9l\u00e9r\u00e9s en \u00e9conomie et gestion. Cette formation m\u2019a permis d\u2019\u00eatre accept\u00e9 en tant que consultant au sein de la filiale su\u00e9doise de l\u2019\u00e9quipementier allemand Bosch et de travailler pour eux pendant deux ans.\u00bb<\/p>\n<p>En 2009, je d\u00e9cide de r\u00e9aliser un r\u00eave n\u00e9 pendant le boom internet de l\u2019an 2000 en cr\u00e9ant un business dans le e-commerce. Au d\u00e9but j\u2019ai commerc\u00e9 \u00e0 vendre les pi\u00e8ces automobiles sur Tradera (l\u2019EBay su\u00e9dois). Personne ne croyait \u00e0 mon id\u00e9e. J\u2019ai bien compris qu\u00b4il ne fallait compter que sur moi-m\u00eame, je travaillais jour et nuit, 16-18 heures de travail par jour, c\u2019\u00e9tait tr\u00e8s difficile mais j\u2019avais la volont\u00e9 de r\u00e9ussir. A force d\u2019efforts et de patience, j\u2019ai fini par voir se r\u00e9aliser les premiers r\u00e9sultats.<\/p>\n<p class=\"c2\"><iframe loading=\"lazy\" src=\"https:\/\/www.youtube.com\/embed\/5eDl1uMg5Ms\" allow=\"accelerometer; autoplay; encrypted-media; gyroscope; picture-in-picture\" allowfullscreen=\"\" width=\"560\" height=\"315\" frameborder=\"0\">[embedded content]<\/iframe><\/p>\n<p>Outre les r\u00e9sultats \u00e9conomiques et commerciaux, mes efforts ont \u00e9t\u00e9 couronn\u00e9s par le Prix de l\u2019Entrepreneur de l\u2019ann\u00e9e octroy\u00e9 par le gouverneur de Stockholm, Mme Chris Heister. Quelque temps plus tard, j\u2019ai re\u00e7u un 2e prix des mains de Sa Majest\u00e9 Carl XVI Gustaf, Roi de Su\u00e8de, lors d\u2019une grande c\u00e9r\u00e9monie au Palais royal de Stockholm.<\/p>\n<p class=\"c2\"><img decoding=\"async\" src=\"\/uploads\/FCK_files\/Ghazi fourati .jpg\" width=\"100%\" vspace=\"5\" hspace=\"5\" align=\"middle\" alt=\"\"\/><\/p>\n<p>Je suis encore tr\u00e8s fier de recevoir ces prix non seulement pour la r\u00e9ussite mais aussi et surtout en tant que Tunisien.<\/p>\n<p>Nous continuons \u00e0 d\u00e9velopper notre activit\u00e9 de jour en jour et aujourd\u2019hui nous avons la gamme en suspensions pneumatiques la plus large dans les pays nordiques. Notre survie et continuit\u00e9 sont toujours anim\u00e9es par des r\u00eaves que nous nous employons \u00e0 rendre r\u00e9alit\u00e9. Nous avons l\u2019ambition de devenir leader en Europe et pourquoi pas \u00e0 l\u2019\u00e9chelle de la plan\u00e8te.<\/p>\n<p>Par ailleurs, en ma qualit\u00e9 de pr\u00e9sident de la Conect Su\u00e8de et de vice-pr\u00e9sident Su\u00e8de de la Chambre de commerce tuniso-su\u00e9doise, je travaille activement en collaboration avec l\u2019ambassade de Tunisie \u00e0 Stockholm et l\u2019ambassade de Su\u00e8de \u00e0 Tunis \u00e0 am\u00e9liorer et renforcer les relations \u00e9conomiques entre nos deux pays.<\/p>\n<p class=\"c3\"><strong><strong><em>Fatma Hentati<\/em><\/strong><\/strong><\/p>\n<p><strong>Lire aussi<\/strong><\/p>\n<p><a href=\"https:\/\/www.leaders.com.tn\/article\/29263-ann-linde-ministre-suedoise-des-a-e-soutien-a-la-tunisie-hommage-a-lina-ben-mhenni-et-plaidoyer-pour-la-fin-du-calvaire-du-peuple-libyen\" target=\"_blank\" rel=\"noopener noreferrer\">Ann Linde &#8211; Ministre su\u00e9doise des A.E : Soutien \u00e0 la Tunisie, hommage \u00e0 Lina Ben Mhenni et plaidoyer pour la fin du calvaire du peuple libyen (Vid\u00e9o)<\/a><\/p>\n<p><a href=\"https:\/\/www.leaders.com.tn\/article\/29257-special-suede-le-design-les-tunisiens-et-la-tunisie\" target=\"_blank\" rel=\"noopener noreferrer\">Sp\u00e9cial Su\u00e8de: Le design, les Tunisiens et la Tunisie (Vid\u00e9o)<\/a><\/p>\n<p><a href=\"https:\/\/www.leaders.com.tn\/article\/29277-moez-el-mehdi-mahmoudi-ambassadeur-de-tunisie-en-suede-tunisie-suede-entre-souvenirs-et-avenir\" target=\"_blank\" rel=\"noopener noreferrer\">Moez El Mehdi Mahmoudi, ambassadeur de Tunisie en Su\u00e8de: Tunisie-Su\u00e8de, entre souvenirs et avenir (Vid\u00e9os)<\/a><\/p>\n<p><a href=\"https:\/\/www.leaders.com.tn\/article\/29293-la-fondation-dag-hammarskjold-et-les-valeurs-partagees-avec-la-tunisie\" target=\"_blank\" rel=\"noopener noreferrer\">La Fondation Dag Hammarskj\u00f6ld et les valeurs partag\u00e9es avec la Tunisie (Photos et Vid\u00e9os)<\/a><\/p>\n<p class=\"c2\"><strong><a href=\"https:\/\/www.leaders.com.tn\/le_mensuel_abonnez_vous\" target=\"_blank\" rel=\"noopener noreferrer\"><img loading=\"lazy\" decoding=\"async\" src=\"\/uploads\/FCK_files\/Bandeau-Leaders.jpg\" alt=\"\" width=\"500\" vspace=\"5\" hspace=\"5\" height=\"128\" align=\"middle\"\/><\/a><\/strong><\/p>\n<p>Auteur:<br \/>\n<a href=\"https:\/\/www.leaders.com.tn\/article\/29302-ghazi-fourati-parcours-d-un-combattant\">Cliquez ici pour lire l&rsquo;article depuis sa source.<\/a><\/p>\n","protected":false},"excerpt":{"rendered":"<p>Stockholm \u2013 De l\u2019envoy\u00e9 sp\u00e9cial de Leaders, Fatma Hentati Install\u00e9 \u00e0 Stockholm depuis plus de 15 ans, Ghazi Fourati est un brillant chef d\u2019entreprise sp\u00e9cialis\u00e9e dans la vente en ligne de pi\u00e8ces automobiles et plus particuli\u00e8rement de suspensions pneumatiques pour voitures de luxe. Originaire de Sfax, Ghazi Fourati a pli\u00e9 bagage \u00e0 l\u2019\u00e2ge de 19 [&hellip;]<\/p>\n","protected":false},"author":1772,"featured_media":78406,"comment_status":"closed","ping_status":"closed","sticky":false,"template":"","format":"standard","meta":{"fifu_image_url":"","fifu_image_alt":"","footnotes":""},"categories":[73,55],"tags":[],"class_list":["post-78405","post","type-post","status-publish","format-standard","has-post-thumbnail","hentry","category-actualite","category-tunisie"],"_links":{"self":[{"href":"https:\/\/linitiative.ca\/International\/wp-json\/wp\/v2\/posts\/78405","targetHints":{"allow":["GET"]}}],"collection":[{"href":"https:\/\/linitiative.ca\/International\/wp-json\/wp\/v2\/posts"}],"about":[{"href":"https:\/\/linitiative.ca\/International\/wp-json\/wp\/v2\/types\/post"}],"author":[{"embeddable":true,"href":"https:\/\/linitiative.ca\/International\/wp-json\/wp\/v2\/users\/1772"}],"replies":[{"embeddable":true,"href":"https:\/\/linitiative.ca\/International\/wp-json\/wp\/v2\/comments?post=78405"}],"version-history":[{"count":0,"href":"https:\/\/linitiative.ca\/International\/wp-json\/wp\/v2\/posts\/78405\/revisions"}],"wp:featuredmedia":[{"embeddable":true,"href":"https:\/\/linitiative.ca\/International\/wp-json\/"}],"wp:attachment":[{"href":"https:\/\/linitiative.ca\/International\/wp-json\/wp\/v2\/media?parent=78405"}],"wp:term":[{"taxonomy":"category","embeddable":true,"href":"https:\/\/linitiative.ca\/International\/wp-json\/wp\/v2\/categories?post=78405"},{"taxonomy":"post_tag","embeddable":true,"href":"https:\/\/linitiative.ca\/International\/wp-json\/wp\/v2\/tags?post=78405"}],"curies":[{"name":"wp","href":"https:\/\/api.w.org\/{rel}","templated":true}]}}