{"id":78408,"date":"2020-03-07T05:00:00","date_gmt":"2020-03-07T10:00:00","guid":{"rendered":"https:\/\/linitiative.ca\/International\/tunisie-fevrier-2020-en-photos\/"},"modified":"2020-03-07T05:00:00","modified_gmt":"2020-03-07T10:00:00","slug":"tunisie-fevrier-2020-en-photos","status":"publish","type":"post","link":"https:\/\/linitiative.ca\/International\/tunisie-fevrier-2020-en-photos\/","title":{"rendered":"Tunisie: F\u00e9vrier 2020 en photos"},"content":{"rendered":"<p class=\"c2\">Elle manquera au Parlement. Rym Mahjoub Masmoudi, radiologue de profession, fervente leader d\u2019Afek , ne quitte pas la sc\u00e8ne politique, poursuivant son combat. Encore plus aujourd\u2019hui, dans l\u2019opposition.<\/p>\n<p class=\"c3\"><img loading=\"lazy\" decoding=\"async\" src=\"\/uploads\/FCK_files\/Sans titre-2(9).jpg\" alt=\"\" width=\"700\" vspace=\"5\" hspace=\"5\" height=\"1104\" align=\"middle\"\/><\/p>\n<p class=\"c2\">Un haut magistrat \u00e0 la t\u00eate de la D\u00e9fense nationale. Ime Hazgui a tout un programme de modernisation et de renforcement de l\u2019arm\u00e9e tunisienne. Compte-t-il accro\u00eetre la place de la femme dans les rangs et les commandements ? Compte-t-il inclure progressivement les jeunes filles dans le service militaire ? Il nous promet d\u2019agr\u00e9ables surprises.<\/p>\n<p class=\"c3\"><img loading=\"lazy\" decoding=\"async\" src=\"\/uploads\/FCK_files\/Sans titre-3(6).jpg\" alt=\"\" width=\"700\" vspace=\"5\" hspace=\"5\" height=\"654\" align=\"middle\"\/><\/p>\n<p class=\"c2\">Le look lui va bien ! Oussama Khelifi, porte-flingue politique de QalbTounes et de son pr\u00e9sident Nabil Karoui , avait failli troquer son si\u00e8ge de d\u00e9put\u00e9 au Bardo contre un maroquin au sein du gouvernement. Ce n\u2019est que partie remise.<\/p>\n<p class=\"c3\"><img loading=\"lazy\" decoding=\"async\" src=\"\/uploads\/FCK_files\/D647255(1).jpg\" alt=\"\" width=\"700\" vspace=\"5\" hspace=\"5\" height=\"427\" align=\"middle\"\/><\/p>\n<p class=\"c2\">Samira Chaouachi est une mutante de grande qualit\u00e9. Hiss\u00e9e au perchoir comme premi\u00e8re vice-pr\u00e9sidente du parlement, elle officie avec talent et patience, le sens politique inn\u00e9.<\/p>\n<p class=\"c3\"><img loading=\"lazy\" decoding=\"async\" src=\"\/uploads\/FCK_files\/D647282.jpg\" alt=\"\" width=\"700\" vspace=\"5\" hspace=\"5\" height=\"523\" align=\"middle\"\/><\/p>\n<p class=\"c2\">P\u00e9tillante d\u2019\u00e9nergie, moulue dans le corps de la haute administration, directrice de g\u00e9n\u00e9rale de l\u2019ENA&#8230; Asma Sehiri Laabidi met la fraicheur de sa pens\u00e9e et son exp\u00e9rience au service de la Femme, de la Famille, de l\u2019Enfance et des S\u00e9niors. Avec comp\u00e9tence et talent. Troisi\u00e8me Laabidi \u00e0 la t\u00eate de ce d\u00e9partement, apr\u00e8s Lilia, en 2011, et N\u00e9ziha, jusqu\u2019\u00e0 tout r\u00e9cemment.<\/p>\n<p class=\"c3\"><img loading=\"lazy\" decoding=\"async\" src=\"\/uploads\/FCK_files\/D640204.jpg\" alt=\"\" width=\"700\" vspace=\"5\" hspace=\"5\" height=\"904\" align=\"middle\"\/><\/p>\n<p class=\"c2\">Africaniste, financi\u00e8re et auditeure, rien ne lui \u00e9chappe sur le continent. Selma Ennaifar, qui a pos\u00e9 ses valises dans quasiment tous les pays d\u2019Afrique, est d\u00e9sormais au minist\u00e8re des Affaires \u00e9trang\u00e8res en tant que secr\u00e9taire d\u2019Etat charg\u00e9e de la Diplomatie \u00e9conomique. Et plus, si affinit\u00e9s&#8230;<\/p>\n<p class=\"c3\"><img loading=\"lazy\" decoding=\"async\" src=\"\/uploads\/FCK_files\/Salma Ennaifer (1).jpg\" alt=\"\" width=\"700\" vspace=\"5\" hspace=\"5\" height=\"467\" align=\"middle\"\/><\/p>\n<p class=\"c2\">Premi\u00e8re femme ministre de la Justice, Thouraya Jeribi Khemiri. Bourguiba aurait ador\u00e9 l\u2019avoir dans son gouvernement. BCE aussi. Dame de fer, mais aussi de c\u0153ur et d\u2019esprit, elle partage avec sa cousine iconique Maya Jeribi des valeurs irr\u00e9ductibles. Une juste!<\/p>\n<p class=\"c3\"><img loading=\"lazy\" decoding=\"async\" src=\"\/uploads\/FCK_files\/Thouraya Jeribi Khemiri 22 02 20 (7).jpg\" alt=\"\" width=\"700\" vspace=\"5\" hspace=\"5\" height=\"467\" align=\"middle\"\/><\/p>\n<p class=\"c2\">Il n\u2019est jamais seul, mais il \u00e9claire la voie en pr\u00e9curseur. L\u2019ambassadeur Ahmed Ounaies garde toujours une longueur d\u2019avance sur ses contemporains, avec une pens\u00e9e avant-gardiste, une connaissance d\u2019\u00e9rudit des relations internationales et de la g\u00e9opolitique.<\/p>\n<p class=\"c3\"><img loading=\"lazy\" decoding=\"async\" src=\"\/uploads\/FCK_files\/D647878.jpg\" alt=\"\" width=\"700\" vspace=\"5\" hspace=\"5\" height=\"446\" align=\"middle\"\/><\/p>\n<p class=\"c2\">Entre le Rapporteur du budget et des finances au Bardo et le gouverneur de la Banque centrale, il y a aussi la connivence entre deux \u00e9minents enseignants universitaires. Fay\u00e7al Derbel et Marouane El Abassi, aujourd\u2019hui chacun dans son r\u00f4le, mettent de la chaleur dans la relation entre leurs institutions respectives.<\/p>\n<p class=\"c3\"><img loading=\"lazy\" decoding=\"async\" src=\"\/uploads\/FCK_files\/D647531.jpg\" alt=\"\" width=\"700\" vspace=\"5\" hspace=\"5\" height=\"643\" align=\"middle\"\/><\/p>\n<p class=\"c2\">Incollable. Abir Moussi, bien conseill\u00e9e sur les dossiers politiques, bien renseign\u00e9e sur les aspects financiers, soigne ses interventions \u00e0 l\u2019ARP et aff\u00fbte sans cesse ses fl\u00e8ches. Dommage que tant d\u2019\u00e9nergie, au-del\u00e0 de son opposition farouche \u00e0 Ennahdha, ne s\u2019accompagne pas de propositions concr\u00e8tes, profitables aux Tunisiens<\/p>\n<p class=\"c3\"><img loading=\"lazy\" decoding=\"async\" src=\"\/uploads\/FCK_files\/D647377.jpg\" alt=\"\" width=\"700\" vspace=\"5\" hspace=\"5\" height=\"468\" align=\"middle\"\/><\/p>\n<p class=\"c3\"><strong><a href=\"https:\/\/www.leaders.com.tn\/le_mensuel_abonnez_vous\" target=\"_blank\" rel=\"noopener noreferrer\"><img loading=\"lazy\" decoding=\"async\" src=\"\/uploads\/FCK_files\/Bandeau-Leaders.jpg\" alt=\"\" width=\"500\" vspace=\"5\" hspace=\"5\" height=\"128\" align=\"middle\"\/><\/a><\/strong><\/p>\n<p>Auteur:<br \/>\n<a href=\"https:\/\/www.leaders.com.tn\/article\/29304-tunisie-fevrier-2020-en-photos\">Cliquez ici pour lire l&rsquo;article depuis sa source.<\/a><\/p>\n","protected":false},"excerpt":{"rendered":"<p>Elle manquera au Parlement. Rym Mahjoub Masmoudi, radiologue de profession, fervente leader d\u2019Afek , ne quitte pas la sc\u00e8ne politique, poursuivant son combat. Encore plus aujourd\u2019hui, dans l\u2019opposition. Un haut magistrat \u00e0 la t\u00eate de la D\u00e9fense nationale. Ime Hazgui a tout un programme de modernisation et de renforcement de l\u2019arm\u00e9e tunisienne. Compte-t-il accro\u00eetre la [&hellip;]<\/p>\n","protected":false},"author":1772,"featured_media":78409,"comment_status":"closed","ping_status":"closed","sticky":false,"template":"","format":"standard","meta":{"fifu_image_url":"","fifu_image_alt":"","footnotes":""},"categories":[73,55],"tags":[],"class_list":["post-78408","post","type-post","status-publish","format-standard","has-post-thumbnail","hentry","category-actualite","category-tunisie"],"_links":{"self":[{"href":"https:\/\/linitiative.ca\/International\/wp-json\/wp\/v2\/posts\/78408","targetHints":{"allow":["GET"]}}],"collection":[{"href":"https:\/\/linitiative.ca\/International\/wp-json\/wp\/v2\/posts"}],"about":[{"href":"https:\/\/linitiative.ca\/International\/wp-json\/wp\/v2\/types\/post"}],"author":[{"embeddable":true,"href":"https:\/\/linitiative.ca\/International\/wp-json\/wp\/v2\/users\/1772"}],"replies":[{"embeddable":true,"href":"https:\/\/linitiative.ca\/International\/wp-json\/wp\/v2\/comments?post=78408"}],"version-history":[{"count":0,"href":"https:\/\/linitiative.ca\/International\/wp-json\/wp\/v2\/posts\/78408\/revisions"}],"wp:featuredmedia":[{"embeddable":true,"href":"https:\/\/linitiative.ca\/International\/wp-json\/"}],"wp:attachment":[{"href":"https:\/\/linitiative.ca\/International\/wp-json\/wp\/v2\/media?parent=78408"}],"wp:term":[{"taxonomy":"category","embeddable":true,"href":"https:\/\/linitiative.ca\/International\/wp-json\/wp\/v2\/categories?post=78408"},{"taxonomy":"post_tag","embeddable":true,"href":"https:\/\/linitiative.ca\/International\/wp-json\/wp\/v2\/tags?post=78408"}],"curies":[{"name":"wp","href":"https:\/\/api.w.org\/{rel}","templated":true}]}}