{"id":78410,"date":"2020-03-07T05:30:00","date_gmt":"2020-03-07T10:30:00","guid":{"rendered":"https:\/\/linitiative.ca\/International\/le-secretaire-detat-adjoint-americain-r-clarke-cooper-la-reponse-tunisienne-a-lattentat-terroriste-a-ete-rapide-prompte-et-significative\/"},"modified":"2020-03-07T05:30:00","modified_gmt":"2020-03-07T10:30:00","slug":"le-secretaire-detat-adjoint-americain-r-clarke-cooper-la-reponse-tunisienne-a-lattentat-terroriste-a-ete-rapide-prompte-et-significative","status":"publish","type":"post","link":"https:\/\/linitiative.ca\/International\/le-secretaire-detat-adjoint-americain-r-clarke-cooper-la-reponse-tunisienne-a-lattentat-terroriste-a-ete-rapide-prompte-et-significative\/","title":{"rendered":"Le secr\u00e9taire d\u2019\u00c9tat adjoint am\u00e9ricain R. Clarke Cooper : La r\u00e9ponse tunisienne \u00e0 l&rsquo;attentat terroriste a \u00e9t\u00e9 rapide, prompte et significative"},"content":{"rendered":"<p>Tout en d\u00e9plorant l\u2019attentat suicide terroriste perp\u00e9tr\u00e9 \u00e0 Tunis vendredi, le secr\u00e9taire d\u2019\u00c9tat adjoint am\u00e9ricain aux Affaires politico-militaires, R. Clarke Cooper, a rappel\u00e9 que \u00ab\u00a0la lutte contre le terrorisme est une action \u00e0 long terme. C&rsquo;est un traitement, pas un rem\u00e8de, et qu&rsquo;il y aura toujours une menace, o\u00f9 que vous soyez dans le monde. Elle n&rsquo;est pas limit\u00e9e \u00e0 un seul endroit ou \u00e0 une seule juridiction.\u00a0\u00bb<\/p>\n<p>Commentant l\u2019attitude des autorit\u00e9s tunisienne, il a ajout\u00e9\u00a0: \u00ab\u00a0Mais la r\u00e9ponse &#8211; ce que je dirai, c&rsquo;est que la r\u00e9ponse a \u00e9t\u00e9 rapide, prompte, significative. J&rsquo;aimerais que nous puissions parler davantage de la r\u00e9ponse, mais je voudrais souligner que la r\u00e9ponse tunisienne a \u00e9t\u00e9 rapide.\u00a0\u00bb<\/p>\n<p>Le secr\u00e9taire d\u2019\u00c9tat adjoint am\u00e9ricain aux Affaires politico-militaires, R. Clarke Cooper, qui s\u2019exprimait vendredi apr\u00e8s-midi <a href=\"https:\/\/www.state.gov\/briefing-with-assistant-secretary-for-political-military-affairs-r-clarke-cooper\/\" target=\"_blank\" rel=\"noopener noreferrer\">devant la presse<\/a> au si\u00e8ge du D\u00e9partement d\u2019Etat \u00e0 Washington, rentrait juste de Tunisie, \u00e0 l\u2019issue d\u2019une tourn\u00e9e qui l\u2019avait conduite successivement, du 27 f\u00e9vrier au 4 mars 2020, en Mauritanie, et en Alg\u00e9rie. A Tunis, il s\u2019\u00e9tait entretenu notamment avec le pr\u00e9sident de l\u2019ARP, Rached Ghannouchi, et les membres des commissions D\u00e9fense et Relations ext\u00e9rieures, le ministre de la D\u00e9fense nationale, Imed Hazgui, et le ministre des Affaires \u00e9trang\u00e8res, Noureddine Erray, avant de se rendre \u00e0 Djerba o\u00f9 il a eu l\u2019occasion de rencontrer le pr\u00e9sident Kais Saied, \u00e0 la faveur du Salon international de l\u2019a\u00e9rospatiale et de la d\u00e9fense.<\/p>\n<p>\u00ab\u00a0Nous consid\u00e9rons la Tunisie, a d\u00e9clar\u00e9 le secr\u00e9taire adjoint am\u00e9ricain Cooper, comme un partenaire en d\u00e9veloppement dans la r\u00e9gion, qui doit jouer un r\u00f4le plus important dans les op\u00e9rations de maintien de la paix et un r\u00f4le plus important dans la r\u00e9solution de probl\u00e8mes tels que celui de la Libye, qui est bien s\u00fbr contigu \u00e0 leur fronti\u00e8re et qui est un sujet de grande pr\u00e9occupation pour leur entreprise de s\u00e9curit\u00e9 nationale. Et nous voyons \u00e9galement une opportunit\u00e9 croissante en ce qui concerne le commerce de d\u00e9fense et l&rsquo;a\u00e9rospatiale.\u00a0\u00bb<\/p>\n<p>Devant la presse am\u00e9ricaine, Clark Cooper a salu\u00e9 la Tunisie en tant que premier pays de la r\u00e9gion \u00ab\u00a0\u00e0 demander volontairement de reprendre les combattants terroristes \u00e9trangers (<em>ndlr\u00a0: ses ressortissants<\/em>) pour les rapatrier de Syrie\u00a0\u00bb. Il a \u00e9galement rendu hommage \u00e0 son r\u00f4le dans les op\u00e9rations de maintien de la paix au Mali, mentionnant le r\u00f4le du contingent de l\u2019arm\u00e9e tunisienne d\u00e9p\u00each\u00e9 en casques bleus de l\u2019ONU pour des op\u00e9rations de transports et d\u2019\u00e9vacuations sanitaires.<\/p>\n<h2>Extraits des d\u00e9clarations du Sous-secr\u00e9taire Cooper<\/h2>\n<p><em>(Traduction non-officielle)<\/em><\/p>\n<p>\u00ab\u00a0La Tunisie a certainement eu un poids important pour la r\u00e9gion en mati\u00e8re de lutte contre le terrorisme. Elle a \u00e9t\u00e9 le premier \u00c9tat de la r\u00e9gion \u00e0 demander volontairement de reprendre les combattants terroristes \u00e9trangers (<em>ndlr\u00a0: ses ressortissants<\/em>) pour les rapatrier de Syrie. De plus, nous connaissons bien l&rsquo;impact significatif des attaques terroristes sur l&rsquo;\u00e9conomie tunisienne, en particulier l&rsquo;attaque du mus\u00e9e du Bardo en 2015, et bien s\u00fbr, il y a l&rsquo;attaque qui a eu lieu plus t\u00f4t dans la journ\u00e9e \u00e0 Tunis. Cela dit, leurs capacit\u00e9s se sont d\u00e9velopp\u00e9es et accrues au cours des cinq \u00e0 six derni\u00e8res ann\u00e9es, les minist\u00e8res de la D\u00e9fense et de l&rsquo;Int\u00e9rieur travaillant davantage en coop\u00e9ration et la Tunisie cherchant \u00e0 faire davantage au niveau r\u00e9gional.<\/p>\n<p>J&rsquo;ai donc mentionn\u00e9 les op\u00e9rations de maintien de la paix. C&rsquo;est un sujet qui fait l&rsquo;objet d&rsquo;une conversation permanente avec tous les \u00c9tats avec lesquels nous travaillons, mais la Tunisie a certainement pris la t\u00eate du soutien aux autres \u00c9tats en ce qui concerne la Transsaharienne, en soutenant des missions comme la MINUSMA (ndlr\u00a0: Mali), en transportant le personnel d&rsquo;un endroit \u00e0 un autre, et &#8211; j&rsquo;aime dire sur des plateformes qu&rsquo;ils nous ach\u00e8tent, comme par exemple, un C-130.<\/p>\n<p>Nous consid\u00e9rons donc la Tunisie comme un partenaire en d\u00e9veloppement dans la r\u00e9gion, qui doit jouer un r\u00f4le plus important dans les op\u00e9rations de maintien de la paix et un r\u00f4le plus important dans la r\u00e9solution de probl\u00e8mes tels que celui de la Libye, qui est bien s\u00fbr contigu \u00e0 leur fronti\u00e8re et qui est un sujet de grande pr\u00e9occupation pour leur entreprise de s\u00e9curit\u00e9 nationale. Et nous voyons \u00e9galement une opportunit\u00e9 croissante en ce qui concerne le commerce de d\u00e9fense et l&rsquo;a\u00e9rospatiale.<\/p>\n<p>Comme je l&rsquo;ai mentionn\u00e9, l&rsquo;autre volet de la visite \u00e9tait en Tunisie pour leur premi\u00e8re exposition sur l&rsquo;a\u00e9rospatiale et la d\u00e9fense. C&rsquo;\u00e9tait ph\u00e9nom\u00e9nal. Le fait d&rsquo;avoir ce genre d&rsquo;exposition en Afrique du Nord et d&rsquo;y avoir non seulement la plus grande pr\u00e9sence officielle des \u00c9tats-Unis, mais aussi la plus grande pr\u00e9sence de l&rsquo;industrie \u00e9trang\u00e8re, c&rsquo;est-\u00e0-dire de l&rsquo;industrie am\u00e9ricaine, nous a permis d&rsquo;y avoir la plus grande empreinte. C&rsquo;\u00e9tait une caract\u00e9ristique du nouveau gouvernement. Donc, si vous \u00eates Kais Saied, le nouveau pr\u00e9sident, et les nouveaux ministres, avoir une vitrine comme le Salon international de la d\u00e9fense a\u00e9rospatiale \u00e0 Djerba \u00e9tait quelque chose qu&rsquo;ils devaient montrer comme un exemple tangible et concret de leur volont\u00e9 d&rsquo;aller de l&rsquo;avant et d&rsquo;avoir une relation plus \u00e9troite et plus \u00e9troite avec l&rsquo;Occident, mais aussi de montrer qu&rsquo;ils pouvaient \u00eatre une expression, une plaque tournante d&rsquo;un point de vue r\u00e9gional, des opportunit\u00e9s pour d&rsquo;autres \u00c9tats.<\/p>\n<p><img loading=\"lazy\" decoding=\"async\" src=\"\/uploads\/FCK_files\/Clark-Saied.jpg\" width=\"700\" height=\"427\" vspace=\"5\" hspace=\"5\" align=\"middle\" alt=\"\"\/><\/p>\n<p>En Tunisie, cette visite, et en plus du pr\u00e9sident Saied, nous a \u00e9galement donn\u00e9 l&rsquo;occasion d&rsquo;avoir de premiers contacts avec leur nouveau gouvernement, donc leur ministre des Affaires \u00e9trang\u00e8res, leur nouveau ministre de la D\u00e9fense. Et puis j&rsquo;ai mentionn\u00e9 la transparence et la responsabilit\u00e9 &#8211; en prenant le temps de rencontrer leur pr\u00e9sident du Parlement et les responsables parlementaires de leurs commissions de D\u00e9fense et de Politique \u00e9trang\u00e8re.<\/p>\n<p><img loading=\"lazy\" decoding=\"async\" src=\"\/uploads\/FCK_files\/Clark-Ghannouchi.jpg\" width=\"700\" height=\"467\" vspace=\"5\" hspace=\"5\" align=\"middle\" alt=\"\"\/><\/p>\n<p>Encore une fois, le point central du voyage \u00e9tait la poursuite de notre investissement et de nos relations avec les partenaires africains, ainsi que la n\u00e9cessit\u00e9 d&rsquo;\u00eatre pr\u00e9sents et d&rsquo;\u00eatre en place, et aussi de mettre en \u00e9vidence les partenaires qui s&rsquo;engagent r\u00e9ellement dans la voie du progr\u00e8s.<\/p>\n<p>Les trois \u00c9tats que j&rsquo;ai mentionn\u00e9s (ndlr\u00a0: Mauritanie, Alg\u00e9rie et Tunisie) ont donc tous fait des choses concr\u00e8tes pour montrer qu&rsquo;ils s&rsquo;engagent davantage, non seulement pour leur propre souverainet\u00e9 et leur propre s\u00e9curit\u00e9, mais aussi dans un contexte r\u00e9gional, et c&rsquo;est quelque chose que nous appr\u00e9cions certainement, non seulement dans un partenariat d&rsquo;\u00c9tat \u00e0 \u00c9tat, mais aussi dans la protection des int\u00e9r\u00eats am\u00e9ricains.<\/p>\n<p><strong>M. BROWN :<\/strong> D&rsquo;accord.<\/p>\n<p><strong>QUESTION :<\/strong> Oui, eh bien, je vais juste supposer que vous n&rsquo;avez pas vraiment beaucoup plus \u00e0 dire sur ce qui s&rsquo;est pass\u00e9 \u00e0 Tunis ce matin.<\/p>\n<p><strong>ASSISTANT SECR\u00c9TAIRE COOPER :<\/strong> Je veux dire, il y a eu une attaque et elle a eu lieu. C&rsquo;est regrettable, et cela &#8211; mais ce que je dirais, c&rsquo;est que cela montre que la lutte contre le terrorisme est une action \u00e0 long terme. C&rsquo;est un traitement, pas un rem\u00e8de, et qu&rsquo;il y aura toujours une menace, o\u00f9 que vous soyez dans le monde. Elle n&rsquo;est pas limit\u00e9e \u00e0 un seul endroit ou \u00e0 une seule juridiction. Mais la r\u00e9ponse &#8211; ce que je dirai, c&rsquo;est que la r\u00e9ponse a \u00e9t\u00e9 rapide, prompte, significative. J&rsquo;aimerais que nous puissions parler davantage de la r\u00e9ponse, mais je voudrais souligner que la r\u00e9ponse tunisienne a \u00e9t\u00e9 rapide.\u00a0\u00bb<\/p>\n<p>Auteur:<br \/>\n<a href=\"https:\/\/www.leaders.com.tn\/article\/29310-le-secretaire-d-etat-adjoint-americain-r-clarke-cooper-la-reponse-tunisienne-a-l-attentat-terroriste-a-ete-rapide-prompte-significative\">Cliquez ici pour lire l&rsquo;article depuis sa source.<\/a><\/p>\n","protected":false},"excerpt":{"rendered":"<p>Tout en d\u00e9plorant l\u2019attentat suicide terroriste perp\u00e9tr\u00e9 \u00e0 Tunis vendredi, le secr\u00e9taire d\u2019\u00c9tat adjoint am\u00e9ricain aux Affaires politico-militaires, R. Clarke Cooper, a rappel\u00e9 que \u00ab\u00a0la lutte contre le terrorisme est une action \u00e0 long terme. C&rsquo;est un traitement, pas un rem\u00e8de, et qu&rsquo;il y aura toujours une menace, o\u00f9 que vous soyez dans le monde. [&hellip;]<\/p>\n","protected":false},"author":1772,"featured_media":78411,"comment_status":"closed","ping_status":"closed","sticky":false,"template":"","format":"standard","meta":{"fifu_image_url":"","fifu_image_alt":"","footnotes":""},"categories":[73,55],"tags":[],"class_list":["post-78410","post","type-post","status-publish","format-standard","has-post-thumbnail","hentry","category-actualite","category-tunisie"],"_links":{"self":[{"href":"https:\/\/linitiative.ca\/International\/wp-json\/wp\/v2\/posts\/78410","targetHints":{"allow":["GET"]}}],"collection":[{"href":"https:\/\/linitiative.ca\/International\/wp-json\/wp\/v2\/posts"}],"about":[{"href":"https:\/\/linitiative.ca\/International\/wp-json\/wp\/v2\/types\/post"}],"author":[{"embeddable":true,"href":"https:\/\/linitiative.ca\/International\/wp-json\/wp\/v2\/users\/1772"}],"replies":[{"embeddable":true,"href":"https:\/\/linitiative.ca\/International\/wp-json\/wp\/v2\/comments?post=78410"}],"version-history":[{"count":0,"href":"https:\/\/linitiative.ca\/International\/wp-json\/wp\/v2\/posts\/78410\/revisions"}],"wp:featuredmedia":[{"embeddable":true,"href":"https:\/\/linitiative.ca\/International\/wp-json\/"}],"wp:attachment":[{"href":"https:\/\/linitiative.ca\/International\/wp-json\/wp\/v2\/media?parent=78410"}],"wp:term":[{"taxonomy":"category","embeddable":true,"href":"https:\/\/linitiative.ca\/International\/wp-json\/wp\/v2\/categories?post=78410"},{"taxonomy":"post_tag","embeddable":true,"href":"https:\/\/linitiative.ca\/International\/wp-json\/wp\/v2\/tags?post=78410"}],"curies":[{"name":"wp","href":"https:\/\/api.w.org\/{rel}","templated":true}]}}