{"id":78415,"date":"2020-03-07T05:00:00","date_gmt":"2020-03-07T10:00:00","guid":{"rendered":"https:\/\/linitiative.ca\/International\/il-ne-veut-pas-dormir-seul\/"},"modified":"2020-03-07T05:00:00","modified_gmt":"2020-03-07T10:00:00","slug":"il-ne-veut-pas-dormir-seul","status":"publish","type":"post","link":"https:\/\/linitiative.ca\/International\/il-ne-veut-pas-dormir-seul\/","title":{"rendered":"Il ne veut pas dormir seul"},"content":{"rendered":"<p><strong>Mon b\u00e9b\u00e9 pleure d\u00e8s que je m\u2019\u00e9loigne. Pourquoi ?<\/strong><br \/>Certains nouveaux-n\u00e9s, surtout ceux qui sont allait\u00e9s et vivent une relation tr\u00e8s fusionnelle avec leur maman, supportent mal la s\u00e9paration.\u00a0<br \/>Ils pleurent jusqu\u2019\u00e0 ce que les parents, par lassitude, finissent par les prendre avec eux. Un peu avant 1 an, l\u2019enfant commence aussi \u00e0 avoir des cauchemars et\u00a0 appelle au milieu de la nuit. Des parents angoiss\u00e9s ont tendance \u00e0 l\u2019accepter dans leur lit afin de le calmer. Lorsque la situation se prolonge, cela peut devenir un handicap pour le couple, qui ne dispose plus de son intimit\u00e9. Au lieu de dormir avec leur petit, les parents devraient lui donner un objet transitionnel (doudou, peluche, petit mouchoir parfum\u00e9 de la maman), qui l\u2019aidera \u00e0 supporter la s\u00e9paration.<\/p>\n<p><strong>Notre enfant dort souvent avec nous. Que faire ?\u00a0<\/strong><br \/>Quand les enfants, m\u00eame plus grands, ont pris cette habitude, le probl\u00e8me n\u2019est pas toujours facile \u00e0 r\u00e9soudre ! La situation se rencontre fr\u00e9quemment chez des parents de nature inqui\u00e8te. En s\u2019en accommodant, ils ne donnent plus les limites n\u00e9cessaires \u00e0 leur enfant et bloquent le d\u00e9veloppement de son autonomie. Ce qui a pour effet pervers de l\u2019angoisser davantage et de le rendre encore plus demandeur !<\/p>\n<p><strong>Comment peut-on rassurer un enfant\u00a0inquiet ?\u00a0<\/strong><br \/>A chaque \u00e2ge ses angoisses. Tous les petits ont peur du noir, des monstres, des sorci\u00e8res, de la mort, du feu, des voleurs&#8230;\u00a0<br \/>Aux parents de se montrer rassurants : il faut regarder sous le lit avec l\u2019enfant, ouvrir les placards pour v\u00e9rifier l\u2019absence de m\u00e9chants, lui lire des histoires rassurantes avant d\u2019aller au lit, lui laisser son doudou et une veilleuse, maintenir ouverte la porte de sa chambre&#8230; mais en restant ferme !\u00a0<br \/>Bien s\u00fbr, il existe des exceptions : premi\u00e8re nuit dans une maison inconnue, fi\u00e8vre, orage&#8230;\u00a0<br \/>Mais elles ne doivent pas devenir la r\u00e8gle.<\/p>\n<p>Auteur:<br \/>\n<a href=\"https:\/\/www.lesoirdalgerie.com\/femme-magazine\/il-ne-veut-pas-dormir-seul-39739\">Cliquez ici pour lire l&rsquo;article depuis sa source.<\/a><\/p>\n","protected":false},"excerpt":{"rendered":"<p>Mon b\u00e9b\u00e9 pleure d\u00e8s que je m\u2019\u00e9loigne. Pourquoi ?Certains nouveaux-n\u00e9s, surtout ceux qui sont allait\u00e9s et vivent une relation tr\u00e8s fusionnelle avec leur maman, supportent mal la s\u00e9paration.\u00a0Ils pleurent jusqu\u2019\u00e0 ce que les parents, par lassitude, finissent par les prendre avec eux. Un peu avant 1 an, l\u2019enfant commence aussi \u00e0 avoir des cauchemars et\u00a0 [&hellip;]<\/p>\n","protected":false},"author":1741,"featured_media":0,"comment_status":"closed","ping_status":"closed","sticky":false,"template":"","format":"standard","meta":{"fifu_image_url":"","fifu_image_alt":"","footnotes":""},"categories":[73,53],"tags":[],"class_list":["post-78415","post","type-post","status-publish","format-standard","hentry","category-actualite","category-algerie"],"_links":{"self":[{"href":"https:\/\/linitiative.ca\/International\/wp-json\/wp\/v2\/posts\/78415","targetHints":{"allow":["GET"]}}],"collection":[{"href":"https:\/\/linitiative.ca\/International\/wp-json\/wp\/v2\/posts"}],"about":[{"href":"https:\/\/linitiative.ca\/International\/wp-json\/wp\/v2\/types\/post"}],"author":[{"embeddable":true,"href":"https:\/\/linitiative.ca\/International\/wp-json\/wp\/v2\/users\/1741"}],"replies":[{"embeddable":true,"href":"https:\/\/linitiative.ca\/International\/wp-json\/wp\/v2\/comments?post=78415"}],"version-history":[{"count":0,"href":"https:\/\/linitiative.ca\/International\/wp-json\/wp\/v2\/posts\/78415\/revisions"}],"wp:attachment":[{"href":"https:\/\/linitiative.ca\/International\/wp-json\/wp\/v2\/media?parent=78415"}],"wp:term":[{"taxonomy":"category","embeddable":true,"href":"https:\/\/linitiative.ca\/International\/wp-json\/wp\/v2\/categories?post=78415"},{"taxonomy":"post_tag","embeddable":true,"href":"https:\/\/linitiative.ca\/International\/wp-json\/wp\/v2\/tags?post=78415"}],"curies":[{"name":"wp","href":"https:\/\/api.w.org\/{rel}","templated":true}]}}