{"id":78417,"date":"2020-03-07T11:01:32","date_gmt":"2020-03-07T16:01:32","guid":{"rendered":"https:\/\/linitiative.ca\/International\/ligue-des-champions-africains-le-raja-qualifie-au-carre-das-malgre-sa-defaite-face-au-tp-mazembe\/"},"modified":"2020-03-07T11:01:32","modified_gmt":"2020-03-07T16:01:32","slug":"ligue-des-champions-africains-le-raja-qualifie-au-carre-das-malgre-sa-defaite-face-au-tp-mazembe","status":"publish","type":"post","link":"https:\/\/linitiative.ca\/International\/ligue-des-champions-africains-le-raja-qualifie-au-carre-das-malgre-sa-defaite-face-au-tp-mazembe\/","title":{"rendered":"Ligue des champions africains : Le Raja qualifi\u00e9 au carr\u00e9 d\u2019As malgr\u00e9 sa d\u00e9faite face au TP Mazembe"},"content":{"rendered":"<p><strong>Le Raja de Casablanca s\u2019est qualifi\u00e9 en demi-finale de la ligue des champions africains de football malgr\u00e9 sa d\u00e9faite face au TP Mazembe par 1 but \u00e0 0 en match retour disput\u00e9 samedi au stade Frederic Kibassa Maliba \u00e0 Lubumbashi en R\u00e9publique d\u00e9mocratique du Congo.<\/strong><\/p>\n<div class=\"c10\"\/>\n<p>Les <strong>Aigles verts<\/strong> ont bien d\u00e9fendu leur avantage des deux buts inscrits \u00e0 domicile lors du match aller. Les prot\u00e9g\u00e9s de Jamal Sellami auraient m\u00eame pu ouvrir le score \u00e0 deux reprises, d\u2019entr\u00e9e de jeu, si Soufiane Rahimi et Ben Malongo n\u2019avaient pas rat\u00e9 deux occasions en or dans les 10 premi\u00e8res minutes de la rencontre.<\/p>\n<p>De retour des vestiaires, les locaux ont inscrit l\u2019unique but du match \u00e0 la 50\u00e8 minute, une r\u00e9alisation de l\u2019attaquant congolais Isaac Chibangu. Apr\u00e8s ce but l\u2019app\u00e9tit du Tout Puissant Mazembe s\u2019est ouverte pour doubler le score, mais l\u2019offensive de l\u2019attaque congolaise a but\u00e9 contre l\u2019excellence du gardien <strong>Anas Zniti<\/strong> qui a sauv\u00e9 le Raja \u00e0 plusieurs reprises dont le p\u00e9nalty sifl\u00e9 par l\u2019arbitre T\u00e9c\u00e9ma en faveur des locaux, \u00e0 la 69\u00e8 minute de jeu.<\/p>\n<p>Le Wydad de Casablanca, autre repr\u00e9sentant du Maroc dans la comp\u00e9tition africaine, croisera le fer, ce soir \u00e0 20h avec l\u2019\u00e9toile Sportive du Sahel pour une place en demi-finale.<\/p>\n<div class=\"c17\">\n<fieldset class=\"c16\">\n<legend><strong><span class=\"c11\">Challenge<\/span><span class=\"c12\">news<\/span><\/strong><\/legend>\n<div class=\"c15\">Le meilleur de Challenge s\u00e9lectionn\u00e9 par la r\u00e9daction :<\/p>\n<\/div>\n<\/fieldset>\n<\/div>\n<p>Auteur: Hassan Manyani<br \/>\n<a href=\"https:\/\/www.challenge.ma\/ligue-des-champions-africains-le-raja-qualifie-au-carre-das-malgre-sa-defaite-face-au-tp-mazembe-131592\/\">Cliquez ici pour lire l&rsquo;article depuis sa source.<\/a><\/p>\n","protected":false},"excerpt":{"rendered":"<p>Le Raja de Casablanca s\u2019est qualifi\u00e9 en demi-finale de la ligue des champions africains de football malgr\u00e9 sa d\u00e9faite face au TP Mazembe par 1 but \u00e0 0 en match retour disput\u00e9 samedi au stade Frederic Kibassa Maliba \u00e0 Lubumbashi en R\u00e9publique d\u00e9mocratique du Congo. Les Aigles verts ont bien d\u00e9fendu leur avantage des deux [&hellip;]<\/p>\n","protected":false},"author":1787,"featured_media":0,"comment_status":"closed","ping_status":"closed","sticky":false,"template":"","format":"standard","meta":{"fifu_image_url":"","fifu_image_alt":"","footnotes":""},"categories":[78,54],"tags":[],"class_list":["post-78417","post","type-post","status-publish","format-standard","hentry","category-economie","category-maroc"],"_links":{"self":[{"href":"https:\/\/linitiative.ca\/International\/wp-json\/wp\/v2\/posts\/78417","targetHints":{"allow":["GET"]}}],"collection":[{"href":"https:\/\/linitiative.ca\/International\/wp-json\/wp\/v2\/posts"}],"about":[{"href":"https:\/\/linitiative.ca\/International\/wp-json\/wp\/v2\/types\/post"}],"author":[{"embeddable":true,"href":"https:\/\/linitiative.ca\/International\/wp-json\/wp\/v2\/users\/1787"}],"replies":[{"embeddable":true,"href":"https:\/\/linitiative.ca\/International\/wp-json\/wp\/v2\/comments?post=78417"}],"version-history":[{"count":0,"href":"https:\/\/linitiative.ca\/International\/wp-json\/wp\/v2\/posts\/78417\/revisions"}],"wp:attachment":[{"href":"https:\/\/linitiative.ca\/International\/wp-json\/wp\/v2\/media?parent=78417"}],"wp:term":[{"taxonomy":"category","embeddable":true,"href":"https:\/\/linitiative.ca\/International\/wp-json\/wp\/v2\/categories?post=78417"},{"taxonomy":"post_tag","embeddable":true,"href":"https:\/\/linitiative.ca\/International\/wp-json\/wp\/v2\/tags?post=78417"}],"curies":[{"name":"wp","href":"https:\/\/api.w.org\/{rel}","templated":true}]}}