{"id":78418,"date":"2020-03-07T16:08:50","date_gmt":"2020-03-07T21:08:50","guid":{"rendered":"https:\/\/linitiative.ca\/International\/ligue-des-champions-le-wac-rejoint-le-raja-en-demi-finale\/"},"modified":"2020-03-07T16:08:50","modified_gmt":"2020-03-07T21:08:50","slug":"ligue-des-champions-le-wac-rejoint-le-raja-en-demi-finale","status":"publish","type":"post","link":"https:\/\/linitiative.ca\/International\/ligue-des-champions-le-wac-rejoint-le-raja-en-demi-finale\/","title":{"rendered":"Ligue des champions : Le WAC rejoint le Raja en demi-finale"},"content":{"rendered":"<p><strong>Le Wydad Athletic Casablanca (WAC) a valid\u00e9 son ticket pour la demi-finale de la Ligue des champions d\u2019Afrique, malgr\u00e9 sa d\u00e9faite (1-0) face \u00e0 l\u2019Etoile Sportif du Sahel (ESS), en match retour disput\u00e9 samedi au stade olympique de Rad\u00e8s \u00e0 Tunis.<\/strong><\/p>\n<div class=\"c10\"\/>\n<p>Le WAC a d\u00e9croch\u00e9 son billet pour le dernier carr\u00e9 de la comp\u00e9tition apr\u00e8s une premi\u00e8re manche remport\u00e9e \u00e0 domicile il y\u2019a une semaine (2-0).<\/p>\n<p>Le Raja de Casablanca, l\u2019autre repr\u00e9sentant du Maroc dans la comp\u00e9tition africaine, s\u2019est qualifi\u00e9 lui aussi pour les demi-finales de la plus prestigieuse des comp\u00e9titions africaines de football.<\/p>\n<p>Les Verts se sont inclin\u00e9s face au club congolais du TP Mazembe (0-1), en match retour disput\u00e9 samedi au stade Frederic Kibassa Maliba \u00e0 Lubumbashi en R\u00e9publique d\u00e9mocratique du Congo.<\/p>\n<div class=\"c17\">\n<fieldset class=\"c16\">\n<legend><strong><span class=\"c11\">Challenge<\/span><span class=\"c12\">news<\/span><\/strong><\/legend>\n<div class=\"c15\">Le meilleur de Challenge s\u00e9lectionn\u00e9 par la r\u00e9daction :<\/p>\n<\/div>\n<\/fieldset>\n<\/div>\n<p>Auteur: challenge<br \/>\n<a href=\"https:\/\/www.challenge.ma\/ligue-des-champions-le-wac-rejoint-le-raja-en-demi-finale-131610\/\">Cliquez ici pour lire l&rsquo;article depuis sa source.<\/a><\/p>\n","protected":false},"excerpt":{"rendered":"<p>Le Wydad Athletic Casablanca (WAC) a valid\u00e9 son ticket pour la demi-finale de la Ligue des champions d\u2019Afrique, malgr\u00e9 sa d\u00e9faite (1-0) face \u00e0 l\u2019Etoile Sportif du Sahel (ESS), en match retour disput\u00e9 samedi au stade olympique de Rad\u00e8s \u00e0 Tunis. Le WAC a d\u00e9croch\u00e9 son billet pour le dernier carr\u00e9 de la comp\u00e9tition apr\u00e8s [&hellip;]<\/p>\n","protected":false},"author":1787,"featured_media":0,"comment_status":"closed","ping_status":"closed","sticky":false,"template":"","format":"standard","meta":{"fifu_image_url":"","fifu_image_alt":"","footnotes":""},"categories":[78,54],"tags":[],"class_list":["post-78418","post","type-post","status-publish","format-standard","hentry","category-economie","category-maroc"],"_links":{"self":[{"href":"https:\/\/linitiative.ca\/International\/wp-json\/wp\/v2\/posts\/78418","targetHints":{"allow":["GET"]}}],"collection":[{"href":"https:\/\/linitiative.ca\/International\/wp-json\/wp\/v2\/posts"}],"about":[{"href":"https:\/\/linitiative.ca\/International\/wp-json\/wp\/v2\/types\/post"}],"author":[{"embeddable":true,"href":"https:\/\/linitiative.ca\/International\/wp-json\/wp\/v2\/users\/1787"}],"replies":[{"embeddable":true,"href":"https:\/\/linitiative.ca\/International\/wp-json\/wp\/v2\/comments?post=78418"}],"version-history":[{"count":0,"href":"https:\/\/linitiative.ca\/International\/wp-json\/wp\/v2\/posts\/78418\/revisions"}],"wp:attachment":[{"href":"https:\/\/linitiative.ca\/International\/wp-json\/wp\/v2\/media?parent=78418"}],"wp:term":[{"taxonomy":"category","embeddable":true,"href":"https:\/\/linitiative.ca\/International\/wp-json\/wp\/v2\/categories?post=78418"},{"taxonomy":"post_tag","embeddable":true,"href":"https:\/\/linitiative.ca\/International\/wp-json\/wp\/v2\/tags?post=78418"}],"curies":[{"name":"wp","href":"https:\/\/api.w.org\/{rel}","templated":true}]}}