{"id":78430,"date":"2020-03-07T15:18:04","date_gmt":"2020-03-07T20:18:04","guid":{"rendered":"https:\/\/linitiative.ca\/International\/les-festivites-du-masa-2020-souvrent-a-abobo-avec-une-parade-de-milliers-de-danseurs\/"},"modified":"2020-03-07T15:18:04","modified_gmt":"2020-03-07T20:18:04","slug":"les-festivites-du-masa-2020-souvrent-a-abobo-avec-une-parade-de-milliers-de-danseurs","status":"publish","type":"post","link":"https:\/\/linitiative.ca\/International\/les-festivites-du-masa-2020-souvrent-a-abobo-avec-une-parade-de-milliers-de-danseurs\/","title":{"rendered":"Les festivit\u00e9s du MASA 2020 s\u2019ouvrent \u00e0 Abobo avec une parade de milliers de danseurs"},"content":{"rendered":"<div readability=\"32\">\n<p>Publi\u00e9 le 07.03.2020 \u00e0 21h18 par APA News<\/p>\n<\/div>\n<div readability=\"58\">\n<p>Les festivit\u00e9s de la onzi\u00e8me \u00e9dition du March\u00e9 des arts et du spectacle d\u2019Abidjan (MASA) ont d\u00e9marr\u00e9, samedi apr\u00e8s-midi \u00e0 Abobo, une commune populaire au Nord d\u2019Abidjan avec une parade de milliers de danseurs qui ont donn\u00e9 un spectacle riche en couleurs et en sons, a constat\u00e9 APA sur place.Ces danseurs issus de plusieurs troupes artistiques ont donn\u00e9 une animation extraordinaire \u00e0 l\u2019axe carrefour Samak\u00e9-Rond-point de la mairie d\u2019Abobo devant une foule de spectateurs \u00e9merveill\u00e9s.<\/p>\n<p>\u00ab C\u2019est la premi\u00e8re fois que j\u2019assiste \u00e0 un spectacle populaire d\u2019une telle envergure \u00e0 Abobo. Je suis \u00e9merveill\u00e9 et je pense que ce genre d\u2019initiatives doit \u00eatre multipli\u00e9 pour montrer une image plus positive de cette commune\u00bb, a dit \u00e0 APA \u00a0Marcel, un jeune boulanger d\u2019une trentaine d\u2019ann\u00e9es r\u00e9sident \u00e0 Abobo depuis plus de deux d\u00e9cennies.<\/p>\n<p>Plus tard dans la soir\u00e9e, un concert d\u2019ouverture est pr\u00e9vu au rond-point de la mairie d\u2019Abobo avec des artistes comme Espoir 2000, Kerozen DJ et Isma\u00ebl Isaac.<\/p>\n<p>La onzi\u00e8me \u00e9dition du MASA, l\u2019un des plus grands festivals culturels du continent, \u00a0s\u2019est ouverte dans la matin\u00e9e autour du th\u00e8me \u00abL\u2019Afrique-Monde\u00bb \u00a0lors d\u2019une c\u00e9r\u00e9monie solennelle pr\u00e9sid\u00e9e par le vice-pr\u00e9sident ivoirien, Daniel Kablan Duncan. Plus de 40 pays africains et europ\u00e9ens participent \u00e0 cette \u00e9dition 2020 du MASA qui s\u2019ach\u00e8vera le 14 mars prochain.<\/p>\n<\/div>\n<p>Auteur: APA News<br \/>\n<a href=\"https:\/\/www.journalducameroun.com\/les-festivites-du-masa-2020-souvrent-a-abobo-avec-une-parade-de-milliers-de-danseurs\/\">Cliquez ici pour lire l&rsquo;article depuis sa source.<\/a><\/p>\n","protected":false},"excerpt":{"rendered":"<p>Publi\u00e9 le 07.03.2020 \u00e0 21h18 par APA News Les festivit\u00e9s de la onzi\u00e8me \u00e9dition du March\u00e9 des arts et du spectacle d\u2019Abidjan (MASA) ont d\u00e9marr\u00e9, samedi apr\u00e8s-midi \u00e0 Abobo, une commune populaire au Nord d\u2019Abidjan avec une parade de milliers de danseurs qui ont donn\u00e9 un spectacle riche en couleurs et en sons, a constat\u00e9 [&hellip;]<\/p>\n","protected":false},"author":1965,"featured_media":0,"comment_status":"closed","ping_status":"closed","sticky":false,"template":"","format":"standard","meta":{"fifu_image_url":"","fifu_image_alt":"","footnotes":""},"categories":[73,82],"tags":[],"class_list":["post-78430","post","type-post","status-publish","format-standard","hentry","category-actualite","category-cameroun"],"_links":{"self":[{"href":"https:\/\/linitiative.ca\/International\/wp-json\/wp\/v2\/posts\/78430","targetHints":{"allow":["GET"]}}],"collection":[{"href":"https:\/\/linitiative.ca\/International\/wp-json\/wp\/v2\/posts"}],"about":[{"href":"https:\/\/linitiative.ca\/International\/wp-json\/wp\/v2\/types\/post"}],"author":[{"embeddable":true,"href":"https:\/\/linitiative.ca\/International\/wp-json\/wp\/v2\/users\/1965"}],"replies":[{"embeddable":true,"href":"https:\/\/linitiative.ca\/International\/wp-json\/wp\/v2\/comments?post=78430"}],"version-history":[{"count":0,"href":"https:\/\/linitiative.ca\/International\/wp-json\/wp\/v2\/posts\/78430\/revisions"}],"wp:attachment":[{"href":"https:\/\/linitiative.ca\/International\/wp-json\/wp\/v2\/media?parent=78430"}],"wp:term":[{"taxonomy":"category","embeddable":true,"href":"https:\/\/linitiative.ca\/International\/wp-json\/wp\/v2\/categories?post=78430"},{"taxonomy":"post_tag","embeddable":true,"href":"https:\/\/linitiative.ca\/International\/wp-json\/wp\/v2\/tags?post=78430"}],"curies":[{"name":"wp","href":"https:\/\/api.w.org\/{rel}","templated":true}]}}