{"id":78435,"date":"2020-03-07T05:24:36","date_gmt":"2020-03-07T10:24:36","guid":{"rendered":"https:\/\/linitiative.ca\/International\/douala-va-abriter-le-plus-grand-mall-de-la-cemac\/"},"modified":"2020-03-07T05:24:36","modified_gmt":"2020-03-07T10:24:36","slug":"douala-va-abriter-le-plus-grand-mall-de-la-cemac","status":"publish","type":"post","link":"https:\/\/linitiative.ca\/International\/douala-va-abriter-le-plus-grand-mall-de-la-cemac\/","title":{"rendered":"Douala va abriter le plus grand Mall de la Cemac"},"content":{"rendered":"<p>En d\u00e9pit des probl\u00e8mes climatiques et logistiques, le chef de projet Nick Brown, assure aux locataires du Douala Grand Mall et au public que rien n\u2019emp\u00eachera que tout soit termin\u00e9 au cours du deuxi\u00e8me trimestre 2020.<\/p>\n<p>L\u2019\u00e9quipe manag\u00e9riale assure que sur le chantier, l\u2019\u00e9tat d\u2019esprit est excellent.\u00a0\u00a0L\u2019ambiance de travail est plut\u00f4t singuli\u00e8re. La dynamique sur le chantier se passe convenablement. Le rapport entre l\u2019entrepreneur et les fournisseurs de services est sans goulot d\u2019\u00e9tranglement. Les attentes se concr\u00e9tisent progressivement. La parfaite interaction\u00a0entre les tenants du projet et les entreprises locales est un indicateur du s\u00e9rieux attendu d\u2019un projet de cette taille.<\/p>\n<p>\u00ab\u00a0La strat\u00e9gie marketing que nous envisageons de mettre en place (\u2026) permettra de voir du point de vue du rendu, ce \u00e0 quoi ils peuvent s\u2019attendre\u00a0\u00bb, affirme Nick Brown, le chef de projet. Il signifie par l\u00e0 que tout ce que le public voit pour le moment, c\u2019est juste un emballage. C\u2019est la \u00ab\u00a0fa\u00e7ade, rien d\u2019extraordinaire, rien d\u2019\u00e9labor\u00e9.\u00a0 Derri\u00e8re les murs ext\u00e9rieurs, il y a un centre commercial\u00a0\u00bb \u00e0 double \u00e9tage et \u00e0 acc\u00e8s multiple.\u00a0\u00a0Douala Grand Mall, va \u00eatre une exp\u00e9rience agr\u00e9able. Les autorit\u00e9s camerounaises pr\u00e9disent que, ce sera une grande surprise pour les populations.<\/p>\n<p><strong>Espaces commerciaux<\/strong><\/p>\n<p>Des entrepreneurs locaux r\u00e9servent d\u00e9j\u00e0 des espaces. Dimitri Nana, un jeune camerounais \u00e2g\u00e9 de 36 ans, sp\u00e9cialis\u00e9 dans la personnalisation des goodies et la distribution d\u2019\u00e9quipements sportifs. Le Douala Grand Mall ouvre une nouvelle fen\u00eatre pour ses affaires. Avec ses 35 m\u00e8tres carr\u00e9s, qu\u2019il a acquis sur le site, il compte faire de bonnes affaires : \u00ab J\u2019ai d\u00fb saisir l\u2019opportunit\u00e9 que m\u2019offrait le Mall, d\u2019avoir une cha\u00eene de magasins, \u00eatre distributeur et d\u00e9velopper ma propre marque. Je vois par exemple une client\u00e8le sur le Mall, qui veut rentrer avec un cadeau, ou avec un gadget personnalis\u00e9 et qu\u2019on peut satisfaire sur place \u00bb explique-t-il.<\/p>\n<p>Pour Luc Magloire Mbarga Atangana, ministre du Commerce, le Douala Grand Mall and Business Park, un investissement de plus de 80 milliards de FCFA, va compter parmi les grands projets structurants, g\u00e9n\u00e9rateurs de nombreux d\u2019au moins 4 500 emplois, et de 300 000 visiteurs par mois.<\/p>\n<p>Le Douala Grand Mall\u00a0a \u00e9t\u00e9 pens\u00e9 par la Communaut\u00e9 urbaine de Douala.\u00a0\u00a0Il s\u2019agit-l\u00e0, du\u00a0plus\u00a0grand\u00a0Mall d\u2019Afrique\u00a0centrale. Une fois lanc\u00e9, ce projet donnera un coup d\u2019acc\u00e9l\u00e9rateur dans la modernisation de la ville en particulier et du Cameroun en g\u00e9n\u00e9ral. Il s\u2019agit d\u2019une de ces r\u00e9alisations qui touchent le quotidien des Camerounais et qui am\u00e9liorent l\u2019attractivit\u00e9 \u00e9conomique du pays.<\/p>\n<div class=\"sharedaddy sd-sharing-enabled robots-nocontent sd-block sd-social sd-social-icon-text sd-sharing\">\n<h3 class=\"sd-title\">Partager\u00a0:<\/h3>\n<\/div>\n<p><h3 class=\"jp-relatedposts-headline\"><em>Articles similaires<\/em><\/h3>\n<\/p>\n<p>Auteur: Serges Bontsebe<br \/>\n<a href=\"https:\/\/ecomatin.net\/douala-va-abriter-le-plus-grand-mall-de-la-cemac\/\">Cliquez ici pour lire l&rsquo;article depuis sa source.<\/a><\/p>\n","protected":false},"excerpt":{"rendered":"<p>En d\u00e9pit des probl\u00e8mes climatiques et logistiques, le chef de projet Nick Brown, assure aux locataires du Douala Grand Mall et au public que rien n\u2019emp\u00eachera que tout soit termin\u00e9 au cours du deuxi\u00e8me trimestre 2020. L\u2019\u00e9quipe manag\u00e9riale assure que sur le chantier, l\u2019\u00e9tat d\u2019esprit est excellent.\u00a0\u00a0L\u2019ambiance de travail est plut\u00f4t singuli\u00e8re. La dynamique sur [&hellip;]<\/p>\n","protected":false},"author":1969,"featured_media":0,"comment_status":"closed","ping_status":"closed","sticky":false,"template":"","format":"standard","meta":{"fifu_image_url":"","fifu_image_alt":"","footnotes":""},"categories":[82,78],"tags":[],"class_list":["post-78435","post","type-post","status-publish","format-standard","hentry","category-cameroun","category-economie"],"_links":{"self":[{"href":"https:\/\/linitiative.ca\/International\/wp-json\/wp\/v2\/posts\/78435","targetHints":{"allow":["GET"]}}],"collection":[{"href":"https:\/\/linitiative.ca\/International\/wp-json\/wp\/v2\/posts"}],"about":[{"href":"https:\/\/linitiative.ca\/International\/wp-json\/wp\/v2\/types\/post"}],"author":[{"embeddable":true,"href":"https:\/\/linitiative.ca\/International\/wp-json\/wp\/v2\/users\/1969"}],"replies":[{"embeddable":true,"href":"https:\/\/linitiative.ca\/International\/wp-json\/wp\/v2\/comments?post=78435"}],"version-history":[{"count":0,"href":"https:\/\/linitiative.ca\/International\/wp-json\/wp\/v2\/posts\/78435\/revisions"}],"wp:attachment":[{"href":"https:\/\/linitiative.ca\/International\/wp-json\/wp\/v2\/media?parent=78435"}],"wp:term":[{"taxonomy":"category","embeddable":true,"href":"https:\/\/linitiative.ca\/International\/wp-json\/wp\/v2\/categories?post=78435"},{"taxonomy":"post_tag","embeddable":true,"href":"https:\/\/linitiative.ca\/International\/wp-json\/wp\/v2\/tags?post=78435"}],"curies":[{"name":"wp","href":"https:\/\/api.w.org\/{rel}","templated":true}]}}