{"id":78436,"date":"2020-03-07T05:57:15","date_gmt":"2020-03-07T10:57:15","guid":{"rendered":"https:\/\/linitiative.ca\/International\/adamou-ndam-njoya-nest-plus\/"},"modified":"2020-03-07T05:57:15","modified_gmt":"2020-03-07T10:57:15","slug":"adamou-ndam-njoya-nest-plus","status":"publish","type":"post","link":"https:\/\/linitiative.ca\/International\/adamou-ndam-njoya-nest-plus\/","title":{"rendered":"Adamou Ndam Njoya n\u2019est plus"},"content":{"rendered":"<div class=\"featured-area featured-area-inner\" readability=\"7\"><img loading=\"lazy\" decoding=\"async\" width=\"250\" height=\"237\" src=\"https:\/\/i1.wp.com\/ecomatin.net\/wp-content\/uploads\/2020\/03\/ndam-njoya.jpg?resize=250,237&amp;ssl=1&amp;is-pending-load=1\" class=\"attachment-jannah-image-post size-jannah-image-post wp-post-image jetpack-lazy-image\" alt=\"\" srcset=\"data:image\/gif;base64,R0lGODlhAQABAIAAAAAAAP\/\/\/yH5BAEAAAAALAAAAAABAAEAAAIBRAA7\"\/> L&rsquo;illustre disparu. Paix \u00e0 son \u00e2me!<\/div>\n<div class=\"entry-content entry clearfix\" readability=\"62.3754130866\">\n<p>La nouvelle a \u00e9t\u00e9 rendue publique aux premi\u00e8res heures de ce 7 mars 2020. Adamou Ndam Njoya quitte la sc\u00e8ne apr\u00e8s plusieurs ann\u00e9es de maladie. Ces derniers mois, ses graves soucis de sant\u00e9 ont eu raison de sa combattivit\u00e9 et de son dynamisme, r\u00e9duisant ses apparitions publiques, et surtout, le privant d\u2019une participation aux \u00e9lections municipales et l\u00e9gislatives qui s\u2019ach\u00e8vent, laquelle participation aurait pu lui permettre de garder son fauteuil de maire de Foumban.<\/p>\n<p>N\u00e9 le 8 mai 1942 \u00e0 <strong>Foumban<\/strong><strong>,<\/strong> r\u00e9gion de l\u2019Ouest, Adamou Ndam Njoya est rest\u00e9 jusqu\u2019\u00e0 sa mort, l\u2019une des grandes figures politiques du Cameroun de ces derni\u00e8res d\u00e9cennies\u00a0: maire de Foumban jusqu\u2019\u00e0 la derni\u00e8re mandature, d\u00e9put\u00e9, fondateur et pr\u00e9sident de l\u2019Union D\u00e9mocratique du Cameroun (UDC), candidat malheureux aux \u00e9lections pr\u00e9sidentielles de 1992, 2004, 2011, etc.<\/p>\n<p>Il fut aussi un grand serviteur de l\u2019Etat\u00a0: il dirige l\u2019Institut des Relations internationales (<strong>IRIC)<\/strong> de 1972 en 1975\u00a0; est nomm\u00e9 Vice-Premier ministre charg\u00e9 des Affaires \u00e9trang\u00e8res puis ministre de l\u2019\u00c9ducation nationale en 1977\u00a0; est nomm\u00e9 ministre d\u00e9l\u00e9gu\u00e9 \u00e0 la pr\u00e9sidence charg\u00e9 de l\u2019inspection g\u00e9n\u00e9rale de l\u2019\u00c9tat et des r\u00e9formes administratives en 1980 avant de quitter le gouvernement en 1982.<\/p>\n<p>Amoureux des lettres, Adamou Ndam Njoya fut aussi un grand \u00e9crivain. On lui doit notamment\u00a0: \u00ab<em>Njoya: R\u00e9formateur du Royaume Bamoun\u00bb<\/em> <em>parue en 1977.<\/em><\/p>\n<div class=\"sharedaddy sd-sharing-enabled robots-nocontent sd-block sd-social sd-social-icon-text sd-sharing\">\n<h3 class=\"sd-title\">Partager\u00a0:<\/h3>\n<\/div>\n<p><h3 class=\"jp-relatedposts-headline\"><em>Articles similaires<\/em><\/h3>\n<\/p>\n<\/div>\n<div class=\"toggle-post-content clearfix\"><a id=\"toggle-post-button\" class=\"button\" href=\"#\">Afficher plus <\/a><\/div>\n<p>Auteur: Serges Bontsebe<br \/>\n<a href=\"https:\/\/ecomatin.net\/adamou-ndam-njoya-nest-plus\/\">Cliquez ici pour lire l&rsquo;article depuis sa source.<\/a><\/p>\n","protected":false},"excerpt":{"rendered":"<p>L&rsquo;illustre disparu. Paix \u00e0 son \u00e2me! La nouvelle a \u00e9t\u00e9 rendue publique aux premi\u00e8res heures de ce 7 mars 2020. Adamou Ndam Njoya quitte la sc\u00e8ne apr\u00e8s plusieurs ann\u00e9es de maladie. Ces derniers mois, ses graves soucis de sant\u00e9 ont eu raison de sa combattivit\u00e9 et de son dynamisme, r\u00e9duisant ses apparitions publiques, et surtout, [&hellip;]<\/p>\n","protected":false},"author":1969,"featured_media":0,"comment_status":"closed","ping_status":"closed","sticky":false,"template":"","format":"standard","meta":{"fifu_image_url":"","fifu_image_alt":"","footnotes":""},"categories":[82,78],"tags":[],"class_list":["post-78436","post","type-post","status-publish","format-standard","hentry","category-cameroun","category-economie"],"_links":{"self":[{"href":"https:\/\/linitiative.ca\/International\/wp-json\/wp\/v2\/posts\/78436","targetHints":{"allow":["GET"]}}],"collection":[{"href":"https:\/\/linitiative.ca\/International\/wp-json\/wp\/v2\/posts"}],"about":[{"href":"https:\/\/linitiative.ca\/International\/wp-json\/wp\/v2\/types\/post"}],"author":[{"embeddable":true,"href":"https:\/\/linitiative.ca\/International\/wp-json\/wp\/v2\/users\/1969"}],"replies":[{"embeddable":true,"href":"https:\/\/linitiative.ca\/International\/wp-json\/wp\/v2\/comments?post=78436"}],"version-history":[{"count":0,"href":"https:\/\/linitiative.ca\/International\/wp-json\/wp\/v2\/posts\/78436\/revisions"}],"wp:attachment":[{"href":"https:\/\/linitiative.ca\/International\/wp-json\/wp\/v2\/media?parent=78436"}],"wp:term":[{"taxonomy":"category","embeddable":true,"href":"https:\/\/linitiative.ca\/International\/wp-json\/wp\/v2\/categories?post=78436"},{"taxonomy":"post_tag","embeddable":true,"href":"https:\/\/linitiative.ca\/International\/wp-json\/wp\/v2\/tags?post=78436"}],"curies":[{"name":"wp","href":"https:\/\/api.w.org\/{rel}","templated":true}]}}