{"id":78437,"date":"2020-03-07T06:07:39","date_gmt":"2020-03-07T11:07:39","guid":{"rendered":"https:\/\/linitiative.ca\/International\/banque-mondiale-et-fmi-debloquent-22-milliards-pour-lutter-contre-le-coronavirus\/"},"modified":"2020-03-07T06:07:39","modified_gmt":"2020-03-07T11:07:39","slug":"banque-mondiale-et-fmi-debloquent-22-milliards-pour-lutter-contre-le-coronavirus","status":"publish","type":"post","link":"https:\/\/linitiative.ca\/International\/banque-mondiale-et-fmi-debloquent-22-milliards-pour-lutter-contre-le-coronavirus\/","title":{"rendered":"Banque mondiale et FMI d\u00e9bloquent 22 milliards pour lutter contre le Coronavirus"},"content":{"rendered":"<div class=\"featured-area featured-area-inner\" readability=\"7\"><img loading=\"lazy\" decoding=\"async\" width=\"768\" height=\"405\" src=\"https:\/\/i2.wp.com\/ecomatin.net\/wp-content\/uploads\/2020\/03\/Banque-mondiale-FMI-coronavirus.jpg?resize=768,405&amp;ssl=1&amp;is-pending-load=1\" class=\"attachment-jannah-image-post size-jannah-image-post wp-post-image jetpack-lazy-image\" alt=\"\" srcset=\"data:image\/gif;base64,R0lGODlhAQABAIAAAAAAAP\/\/\/yH5BAEAAAAALAAAAAABAAEAAAIBRAA7\"\/> Les chefs des deux institutions financi\u00e8res pr\u00e9f\u00e8rent en faire trop plut\u00f4t que peu.<\/div>\n<div class=\"entry-content entry clearfix\" readability=\"61.6874674987\">\n<p>L\u2019annonce a \u00e9t\u00e9 faite le 4 mars lors d\u2019une conf\u00e9rence de presse commune entre la directrice du Fonds mon\u00e9taire internationale (FMI),\u00a0Kristalina Georgieva\u00a0et le pr\u00e9sident de la Banque mondiale, David Malpass. La Num\u00e9ro 1 du\u00a0FMI a par pr\u00e9cis\u00e9 \u00ab\u00a0que 50 milliards de dollars \u00e9taient disponibles, dont 10 milliards qui peuvent \u00eatre pr\u00eat\u00e9s \u00e0 taux z\u00e9ro, pour les pays pauvres et en d\u00e9veloppement\u00a0\u00bb. Pour \u00eatre b\u00e9n\u00e9ficiaire de cet argent, quatre facteurs sont\u00a0pris en compte\u00a0: la solidit\u00e9 du syst\u00e8me de sant\u00e9, la vuln\u00e9rabilit\u00e9 aux chocs de prix, la d\u00e9pendance aux exportations de mati\u00e8res premi\u00e8res et enfin la marge de man\u0153uvre budg\u00e9taire de l\u2019\u00c9tat. La priorit\u00e9\u00a0dans ce processus \u00e9tant accord\u00e9e \u00e0 l\u2019Afrique subsaharienne.<\/p>\n<p>La Banque mondiale pour sa part avait annonc\u00e9, le 3 mars, un plan d\u2019urgence de 12 milliards de dollars, soit 6,953 milliards de FCFA, pour aider les pays qui en ont besoin \u00e0\u00a0prendre des mesures efficaces pour contenir l\u2019\u00e9pid\u00e9mie et att\u00e9nuer l\u2019impact \u00e9conomique du Coronavirus. Selon David Malpass, lors de sa prise de parole lors de cette conf\u00e9rence, l\u2019aide de la Banque mondiale prendra \u00e9galement la forme d\u2019une assistance technique ainsi que de la mise \u00e0 disposition de biens et de services, notamment d\u2019\u00e9quipements de laboratoire.<\/p>\n<p><a href=\"https:\/\/ecomatin.net\/coronavirus-cameroun-le-quartier-bastos-a-yaounde-en-etat-dalerte-maximale\/\"><strong>Lire aussi Coronavirus: le quartier Bastos \u00e0 Yaound\u00e9 en \u00e9tat d\u2019alerte maximale<\/strong><\/a><\/p>\n<p>Les deux personnalit\u00e9s ont alors appel\u00e9\u00a0la\u00a0communaut\u00e9 internationale \u00e0 fournir des efforts n\u00e9cessaires pour lutter contre le virus.\u00a0C\u2019est sur cette lanc\u00e9e que\u00a0les 189 pays membres du FMI ont promis ce m\u00eame jour, \u00e0 l\u2019issue d\u2019une conf\u00e9rence t\u00e9l\u00e9phonique du comit\u00e9 mon\u00e9taire et financier international du Fonds, d\u2019apporter tout le soutien n\u00e9cessaire pour limiter l\u2019impact\u00a0de l\u2019\u00e9pid\u00e9mie, en particulier pour les pays les plus vuln\u00e9rables.<\/p>\n<div class=\"sharedaddy sd-sharing-enabled robots-nocontent sd-block sd-social sd-social-icon-text sd-sharing\">\n<h3 class=\"sd-title\">Partager\u00a0:<\/h3>\n<\/div>\n<p><h3 class=\"jp-relatedposts-headline\"><em>Articles similaires<\/em><\/h3>\n<\/p>\n<\/div>\n<div class=\"toggle-post-content clearfix\"><a id=\"toggle-post-button\" class=\"button\" href=\"#\">Afficher plus <\/a><\/div>\n<p>Auteur: Serges Bontsebe<br \/>\n<a href=\"https:\/\/ecomatin.net\/banque-mondiale-et-fmi-debloquent-22-milliards-pour-lutter-contre-le-coronavirus\/\">Cliquez ici pour lire l&rsquo;article depuis sa source.<\/a><\/p>\n","protected":false},"excerpt":{"rendered":"<p>Les chefs des deux institutions financi\u00e8res pr\u00e9f\u00e8rent en faire trop plut\u00f4t que peu. L\u2019annonce a \u00e9t\u00e9 faite le 4 mars lors d\u2019une conf\u00e9rence de presse commune entre la directrice du Fonds mon\u00e9taire internationale (FMI),\u00a0Kristalina Georgieva\u00a0et le pr\u00e9sident de la Banque mondiale, David Malpass. La Num\u00e9ro 1 du\u00a0FMI a par pr\u00e9cis\u00e9 \u00ab\u00a0que 50 milliards de dollars [&hellip;]<\/p>\n","protected":false},"author":1969,"featured_media":0,"comment_status":"closed","ping_status":"closed","sticky":false,"template":"","format":"standard","meta":{"fifu_image_url":"","fifu_image_alt":"","footnotes":""},"categories":[82,78],"tags":[],"class_list":["post-78437","post","type-post","status-publish","format-standard","hentry","category-cameroun","category-economie"],"_links":{"self":[{"href":"https:\/\/linitiative.ca\/International\/wp-json\/wp\/v2\/posts\/78437","targetHints":{"allow":["GET"]}}],"collection":[{"href":"https:\/\/linitiative.ca\/International\/wp-json\/wp\/v2\/posts"}],"about":[{"href":"https:\/\/linitiative.ca\/International\/wp-json\/wp\/v2\/types\/post"}],"author":[{"embeddable":true,"href":"https:\/\/linitiative.ca\/International\/wp-json\/wp\/v2\/users\/1969"}],"replies":[{"embeddable":true,"href":"https:\/\/linitiative.ca\/International\/wp-json\/wp\/v2\/comments?post=78437"}],"version-history":[{"count":0,"href":"https:\/\/linitiative.ca\/International\/wp-json\/wp\/v2\/posts\/78437\/revisions"}],"wp:attachment":[{"href":"https:\/\/linitiative.ca\/International\/wp-json\/wp\/v2\/media?parent=78437"}],"wp:term":[{"taxonomy":"category","embeddable":true,"href":"https:\/\/linitiative.ca\/International\/wp-json\/wp\/v2\/categories?post=78437"},{"taxonomy":"post_tag","embeddable":true,"href":"https:\/\/linitiative.ca\/International\/wp-json\/wp\/v2\/tags?post=78437"}],"curies":[{"name":"wp","href":"https:\/\/api.w.org\/{rel}","templated":true}]}}