{"id":78460,"date":"2020-03-08T04:01:51","date_gmt":"2020-03-08T08:01:51","guid":{"rendered":"https:\/\/linitiative.ca\/International\/caravane-medico-chirurgicale-de-la-cataracte\/"},"modified":"2020-03-08T04:01:51","modified_gmt":"2020-03-08T08:01:51","slug":"caravane-medico-chirurgicale-de-la-cataracte","status":"publish","type":"post","link":"https:\/\/linitiative.ca\/International\/caravane-medico-chirurgicale-de-la-cataracte\/","title":{"rendered":"Caravane m\u00e9dico-chirurgicale de la cataracte"},"content":{"rendered":"<div class=\"single-featured\"><img alt=\"\" data-src=\"http:\/\/www.mapmarrakech.ma\/map\/uploads\/2020\/03\/bengu&#xE9;rir-caravane-cataracte.jpg\"\/><\/div>\n<div class=\"single-post-excerpt post-excerpt-bc\" readability=\"36\">\n<p>Bengu\u00e9rir (province de Rehamna)- Plus de 120 personnes issues de milieux d\u00e9favoris\u00e9s ont b\u00e9n\u00e9fici\u00e9 d\u2019une caravane m\u00e9dico-chirurgicale de la cataracte, organis\u00e9e r\u00e9cemment, \u00e0 l\u2019h\u00f4pital provincial de Rehamna \u00e0 Bengu\u00e9rir.<\/p>\n<\/div>\n<div class=\"entry-content clearfix single-post-content\" readability=\"66\">\n<p>Organis\u00e9e par Rotary Club de Rabat-Chellah, en collaboration avec la province, la commune territoriale, la D\u00e9l\u00e9gation provinciale de la sant\u00e9, la Fondation Hassan II d\u2019ophtalmologie, le Groupe OCP et l\u2019association Chorouk \u00e0 Bengu\u00e9rir, cette initiative humaine et de solidarit\u00e9, s\u2019inscrit dans le cadre des efforts soutenus consentis au niveau provincial pour am\u00e9liorer les conditions de sant\u00e9 des personnes en situation de pr\u00e9carit\u00e9.<\/p>\n<p>Ainsi, plus de 120 personnes inscrites dans la liste d\u2019attente et issues de diff\u00e9rentes zones de la province, ont b\u00e9n\u00e9fici\u00e9 d\u2019op\u00e9rations chirurgicales de la cataracte, avec le recours aux techniques les plus pointues dans ce domaine.<\/p>\n<p>Selon la D\u00e9l\u00e9gation de la Sant\u00e9 de Rehamna, cette caravane, dont le coup d\u2019envoi a eu lieu, en pr\u00e9sence notamment du gouverneur de la province, Aziz Bouignane, s\u2019est fix\u00e9e pour objectif d\u2019am\u00e9liorer l\u2019offre m\u00e9dicale au niveau de la province, et de faire b\u00e9n\u00e9ficier les personnes cibl\u00e9es parmi les habitants des zones \u00e9loign\u00e9es, de services de sant\u00e9 de proximit\u00e9.<\/p>\n<p>Les b\u00e9n\u00e9ficiaires de cette action se sont f\u00e9licit\u00e9s de l\u2019organisation de cette caravane, dont l\u2019encadrement a \u00e9t\u00e9 assur\u00e9 par un staff m\u00e9dical compos\u00e9 de plus de 40 m\u00e9decins et infirmiers.<\/p>\n<\/div>\n<p>Auteur: Mohammed KOURSI<br \/>\n<a href=\"http:\/\/www.mapmarrakech.ma\/fr\/plus-de-120-beneficiaires-dune-caravane-medico-chirurgicale-de-la-cataracte\/\">Cliquez ici pour lire l&rsquo;article depuis sa source.<\/a><\/p>\n","protected":false},"excerpt":{"rendered":"<p>Bengu\u00e9rir (province de Rehamna)- Plus de 120 personnes issues de milieux d\u00e9favoris\u00e9s ont b\u00e9n\u00e9fici\u00e9 d\u2019une caravane m\u00e9dico-chirurgicale de la cataracte, organis\u00e9e r\u00e9cemment, \u00e0 l\u2019h\u00f4pital provincial de Rehamna \u00e0 Bengu\u00e9rir. Organis\u00e9e par Rotary Club de Rabat-Chellah, en collaboration avec la province, la commune territoriale, la D\u00e9l\u00e9gation provinciale de la sant\u00e9, la Fondation Hassan II d\u2019ophtalmologie, le [&hellip;]<\/p>\n","protected":false},"author":1788,"featured_media":78461,"comment_status":"closed","ping_status":"closed","sticky":false,"template":"","format":"standard","meta":{"fifu_image_url":"","fifu_image_alt":"","footnotes":""},"categories":[54,76],"tags":[],"class_list":["post-78460","post","type-post","status-publish","format-standard","has-post-thumbnail","hentry","category-maroc","category-regions"],"_links":{"self":[{"href":"https:\/\/linitiative.ca\/International\/wp-json\/wp\/v2\/posts\/78460","targetHints":{"allow":["GET"]}}],"collection":[{"href":"https:\/\/linitiative.ca\/International\/wp-json\/wp\/v2\/posts"}],"about":[{"href":"https:\/\/linitiative.ca\/International\/wp-json\/wp\/v2\/types\/post"}],"author":[{"embeddable":true,"href":"https:\/\/linitiative.ca\/International\/wp-json\/wp\/v2\/users\/1788"}],"replies":[{"embeddable":true,"href":"https:\/\/linitiative.ca\/International\/wp-json\/wp\/v2\/comments?post=78460"}],"version-history":[{"count":0,"href":"https:\/\/linitiative.ca\/International\/wp-json\/wp\/v2\/posts\/78460\/revisions"}],"wp:featuredmedia":[{"embeddable":true,"href":"https:\/\/linitiative.ca\/International\/wp-json\/"}],"wp:attachment":[{"href":"https:\/\/linitiative.ca\/International\/wp-json\/wp\/v2\/media?parent=78460"}],"wp:term":[{"taxonomy":"category","embeddable":true,"href":"https:\/\/linitiative.ca\/International\/wp-json\/wp\/v2\/categories?post=78460"},{"taxonomy":"post_tag","embeddable":true,"href":"https:\/\/linitiative.ca\/International\/wp-json\/wp\/v2\/tags?post=78460"}],"curies":[{"name":"wp","href":"https:\/\/api.w.org\/{rel}","templated":true}]}}