{"id":78462,"date":"2020-03-08T04:24:56","date_gmt":"2020-03-08T08:24:56","guid":{"rendered":"https:\/\/linitiative.ca\/International\/24e-ag-du-conseil-academique-de-la-rabita-mohammadia-des-oulemas\/"},"modified":"2020-03-08T04:24:56","modified_gmt":"2020-03-08T08:24:56","slug":"24e-ag-du-conseil-academique-de-la-rabita-mohammadia-des-oulemas","status":"publish","type":"post","link":"https:\/\/linitiative.ca\/International\/24e-ag-du-conseil-academique-de-la-rabita-mohammadia-des-oulemas\/","title":{"rendered":"24\u00e8 AG du Conseil acad\u00e9mique de la Rabita Mohammadia des oul\u00e9mas"},"content":{"rendered":"<div readability=\"38\">\n<p>Marrakech- Le Conseil acad\u00e9mique de la Rabita Mohammadia des oul\u00e9mas a tenu, samedi \u00e0 Marrakech, sa 24\u00e8 Assembl\u00e9e g\u00e9n\u00e9rale, consacr\u00e9e \u00e0 l\u2019examen de l\u2019action de cette institution et de ses projets d\u2019avenir, notamment en mati\u00e8re de gouvernance de la recherche.<\/p>\n<\/div>\n<div readability=\"95\">\n<p>Cette assembl\u00e9e g\u00e9n\u00e9rale a \u00e9t\u00e9 marqu\u00e9e par la pr\u00e9sentation du plan d\u2019action de la Rabita au service des constantes du Royaume, des projets des centres de recherche et des unit\u00e9s scientifiques ainsi que des programmes de formation, dans l\u2019objectif de promouvoir et de consacrer les valeurs de paix, de mod\u00e9ration et de juste milieu, et de renforcer la lutte contre la propagation de la haine, de la violence et de l\u2019extr\u00e9misme.<\/p>\n<p>S\u2019exprimant \u00e0 cette occasion, le secr\u00e9taire g\u00e9n\u00e9ral de la Rabita Mohammadia des oul\u00e9mas, Ahmed Abbadi, a indiqu\u00e9 que cette 24\u00e8 assembl\u00e9e est ax\u00e9e essentiellement sur la gouvernance de la recherche, en tant que question d\u2019actualit\u00e9 et d\u2019une extr\u00eame importance, eu \u00e9gard au nombre remarquable des th\u00e8ses relatives aux sciences islamiques et humaines.<\/p>\n<p>Dans ce sens, il a soulign\u00e9 que le nombre de ces th\u00e8ses avoisine les 40.000 par an, ce qui \u00e9quivaut \u00e0 40.000 ans de recherche, notant que ces recherches peuvent servir de base solide pour l\u2019\u00e9dification du nouveau mod\u00e8le de d\u00e9veloppement, voulu par SM le Roi Mohammed VI, Amir Al-Mouminine.<\/p>\n<p>La promotion de la gouvernance de la recherche exige la synergie des efforts et le renforcement de la coop\u00e9ration entre l\u2019ensemble des parties prenantes \u00e0 l\u2019\u00e9chelle nationale et internationale, a-t-il relev\u00e9, faisant savoir que le conseil acad\u00e9mique est fortement engag\u00e9 dans cette dynamique \u00e0 travers la conclusion d\u2019une s\u00e9rie de conventions permettant de collaborer avec 1.200 Universit\u00e9s \u00e0 travers le monde islamique.<\/p>\n<p>Il a ainsi insist\u00e9 sur l\u2019importance d\u2019\u00e9tablir un diagnostic de l\u2019\u00e9tat des lieux de la recherche scientifique, d\u2019identifier les dysfonctionnements et d\u2019examiner les moyens favorisant son d\u00e9veloppement en vue de l\u2019adapter au contexte actuel.<\/p>\n<p>Par ailleurs, M. Abbadi a soulign\u00e9 que la r\u00e9volution num\u00e9rique et les nouvelles technologies peuvent renforcer davantage la gouvernance de la recherche, appelant \u00e0 s\u2019ouvrir sur les diff\u00e9rentes exp\u00e9riences r\u00e9ussies \u00e0 ce sujet et \u00e0 s\u2019inspirer des meilleures pratiques.<\/p>\n<p>Et de soutenir que le conseil acad\u00e9mique de la Rabita Mohammadia des oul\u00e9mas ne m\u00e9nagera aucun effort pour promouvoir la gouvernance dans le domaine de la recherche, notamment les sciences islamiques et ce, en coordination avec les universit\u00e9s marocaines.<\/p>\n<p>Cette assembl\u00e9e g\u00e9n\u00e9rale a \u00e9t\u00e9 aussi marqu\u00e9e par l\u2019approbation \u00e0 l\u2019unanimit\u00e9 des rapports moral et financier de cette institution au titre de l\u2019ann\u00e9e 2019, ainsi que par la pr\u00e9sentation du projet \u00ab\u00a0Appui \u00e0 la promotion de la tol\u00e9rance, du civisme et de la citoyennet\u00e9 en milieu scolaire et \u00e0 la pr\u00e9vention des comportements \u00e0 risques\u00a0\u00bb.<\/p>\n<p>Il a \u00e9t\u00e9 \u00e9galement proc\u00e9d\u00e9 \u00e0 la pr\u00e9sentation du nouveau portail \u00e9lectronique de la Rabita Mohammadia et de ses projets en mati\u00e8re d\u2019encadrement des jeunes, outre les derni\u00e8res publications de cette institution.<\/p>\n<\/div>\n<p>Auteur: Mohammed KOURSI<br \/>\n<a href=\"http:\/\/www.mapmarrakech.ma\/fr\/24e-ag-du-conseil-academique-de-la-rabita-mohammadia-des-oulemas\/\">Cliquez ici pour lire l&rsquo;article depuis sa source.<\/a><\/p>\n","protected":false},"excerpt":{"rendered":"<p>Marrakech- Le Conseil acad\u00e9mique de la Rabita Mohammadia des oul\u00e9mas a tenu, samedi \u00e0 Marrakech, sa 24\u00e8 Assembl\u00e9e g\u00e9n\u00e9rale, consacr\u00e9e \u00e0 l\u2019examen de l\u2019action de cette institution et de ses projets d\u2019avenir, notamment en mati\u00e8re de gouvernance de la recherche. Cette assembl\u00e9e g\u00e9n\u00e9rale a \u00e9t\u00e9 marqu\u00e9e par la pr\u00e9sentation du plan d\u2019action de la Rabita [&hellip;]<\/p>\n","protected":false},"author":1788,"featured_media":0,"comment_status":"closed","ping_status":"closed","sticky":false,"template":"","format":"standard","meta":{"fifu_image_url":"","fifu_image_alt":"","footnotes":""},"categories":[54,76],"tags":[],"class_list":["post-78462","post","type-post","status-publish","format-standard","hentry","category-maroc","category-regions"],"_links":{"self":[{"href":"https:\/\/linitiative.ca\/International\/wp-json\/wp\/v2\/posts\/78462","targetHints":{"allow":["GET"]}}],"collection":[{"href":"https:\/\/linitiative.ca\/International\/wp-json\/wp\/v2\/posts"}],"about":[{"href":"https:\/\/linitiative.ca\/International\/wp-json\/wp\/v2\/types\/post"}],"author":[{"embeddable":true,"href":"https:\/\/linitiative.ca\/International\/wp-json\/wp\/v2\/users\/1788"}],"replies":[{"embeddable":true,"href":"https:\/\/linitiative.ca\/International\/wp-json\/wp\/v2\/comments?post=78462"}],"version-history":[{"count":0,"href":"https:\/\/linitiative.ca\/International\/wp-json\/wp\/v2\/posts\/78462\/revisions"}],"wp:attachment":[{"href":"https:\/\/linitiative.ca\/International\/wp-json\/wp\/v2\/media?parent=78462"}],"wp:term":[{"taxonomy":"category","embeddable":true,"href":"https:\/\/linitiative.ca\/International\/wp-json\/wp\/v2\/categories?post=78462"},{"taxonomy":"post_tag","embeddable":true,"href":"https:\/\/linitiative.ca\/International\/wp-json\/wp\/v2\/tags?post=78462"}],"curies":[{"name":"wp","href":"https:\/\/api.w.org\/{rel}","templated":true}]}}