{"id":78463,"date":"2020-03-08T05:32:35","date_gmt":"2020-03-08T09:32:35","guid":{"rendered":"https:\/\/linitiative.ca\/International\/session-de-formation-sur-la-strategie-du-plaidoyer\/"},"modified":"2020-03-08T05:32:35","modified_gmt":"2020-03-08T09:32:35","slug":"session-de-formation-sur-la-strategie-du-plaidoyer","status":"publish","type":"post","link":"https:\/\/linitiative.ca\/International\/session-de-formation-sur-la-strategie-du-plaidoyer\/","title":{"rendered":"Session de formation sur la strat\u00e9gie du plaidoyer"},"content":{"rendered":"<div readability=\"35\">\n<p>Marrakech \u2013 Une session de formation ax\u00e9e sur \u00ab\u00a0la strat\u00e9gie du plaidoyer autour des questions de la jeunesse\u00a0\u00bb a \u00e9t\u00e9 organis\u00e9e, vendredi \u00e0 \u00ab\u00a0Dar Al Mountakhab\u00a0\u00bb (Maison de l\u2019Elu) \u00e0 Marrakech.<\/p>\n<\/div>\n<div readability=\"70\">\n<p>Cette session de formation, anim\u00e9e par Mohamed Ben Talha Doukkali, professeur des sciences politiques \u00e0 la Facult\u00e9 des sciences juridiques, \u00e9conomiques et sociales de la cit\u00e9 ocre, s\u2019est fix\u00e9e pour mission de renforcer les capacit\u00e9s de la soci\u00e9t\u00e9 civile en mati\u00e8re de plaidoyer autour des questions locales concernant les jeunes.<\/p>\n<p>Initi\u00e9e par le Centre \u00ab\u00a0Anajah pour le d\u00e9veloppement\u00a0\u00bb et le R\u00e9seau Amazigh pour la citoyennet\u00e9, cette rencontre a \u00e9t\u00e9 aussi l\u2019occasion pour les b\u00e9n\u00e9ficiaires de prendre connaissance des diff\u00e9rents axes de cette strat\u00e9gie en tant que m\u00e9canisme fondamental de contribution \u00e0 la gestion d\u00e9mocratique et participative au profit de la population et de la soci\u00e9t\u00e9 civile.<\/p>\n<p>Les participants \u00e0 cette session de formation se sont focalis\u00e9s \u00e9galement sur une s\u00e9rie de th\u00e9matiques ayant trait au concept de citoyennet\u00e9, aux valeurs universelles, \u00e0 la bonne volont\u00e9, \u00e0 l\u2019action associative et \u00e0 la d\u00e9fense des int\u00e9r\u00eats de la population, aux questions nationales pressantes et aux grandes valeurs communes unissant les diff\u00e9rentes composantes de la soci\u00e9t\u00e9 marocaine.<\/p>\n<p>Pour ce faire, ils se sont organis\u00e9s dans le cadre d\u2019un atelier pratique, le temps de tester leurs capacit\u00e9s en mati\u00e8re de plaidoyer, ainsi que leur ma\u00eetrise des techniques et outils de base y aff\u00e9rents.<\/p>\n<p>Ils se sont, en outre, arr\u00eat\u00e9s sur la mani\u00e8re d\u2019\u00e9difier la personnalit\u00e9 du plaidoyeur et l\u2019influence qu\u2019il peut exercer sur le d\u00e9cideur local.<\/p>\n<p>Cette session de formation s\u2019ins\u00e8re dans le cadre du projet \u00ab\u00a0pour des politiques territoriales inclusives des questions des jeunes au niveau de la r\u00e9gion de\u00a0Marrakech-Safi\u00a0\u00bb, rappelle-t-on.<\/p>\n<\/div>\n<p>Auteur: Mohammed KOURSI<br \/>\n<a href=\"http:\/\/www.mapmarrakech.ma\/fr\/session-de-formation-sur-la-strategie-du-plaidoyer\/\">Cliquez ici pour lire l&rsquo;article depuis sa source.<\/a><\/p>\n","protected":false},"excerpt":{"rendered":"<p>Marrakech \u2013 Une session de formation ax\u00e9e sur \u00ab\u00a0la strat\u00e9gie du plaidoyer autour des questions de la jeunesse\u00a0\u00bb a \u00e9t\u00e9 organis\u00e9e, vendredi \u00e0 \u00ab\u00a0Dar Al Mountakhab\u00a0\u00bb (Maison de l\u2019Elu) \u00e0 Marrakech. Cette session de formation, anim\u00e9e par Mohamed Ben Talha Doukkali, professeur des sciences politiques \u00e0 la Facult\u00e9 des sciences juridiques, \u00e9conomiques et sociales de [&hellip;]<\/p>\n","protected":false},"author":1788,"featured_media":0,"comment_status":"closed","ping_status":"closed","sticky":false,"template":"","format":"standard","meta":{"fifu_image_url":"","fifu_image_alt":"","footnotes":""},"categories":[54,76],"tags":[],"class_list":["post-78463","post","type-post","status-publish","format-standard","hentry","category-maroc","category-regions"],"_links":{"self":[{"href":"https:\/\/linitiative.ca\/International\/wp-json\/wp\/v2\/posts\/78463","targetHints":{"allow":["GET"]}}],"collection":[{"href":"https:\/\/linitiative.ca\/International\/wp-json\/wp\/v2\/posts"}],"about":[{"href":"https:\/\/linitiative.ca\/International\/wp-json\/wp\/v2\/types\/post"}],"author":[{"embeddable":true,"href":"https:\/\/linitiative.ca\/International\/wp-json\/wp\/v2\/users\/1788"}],"replies":[{"embeddable":true,"href":"https:\/\/linitiative.ca\/International\/wp-json\/wp\/v2\/comments?post=78463"}],"version-history":[{"count":0,"href":"https:\/\/linitiative.ca\/International\/wp-json\/wp\/v2\/posts\/78463\/revisions"}],"wp:attachment":[{"href":"https:\/\/linitiative.ca\/International\/wp-json\/wp\/v2\/media?parent=78463"}],"wp:term":[{"taxonomy":"category","embeddable":true,"href":"https:\/\/linitiative.ca\/International\/wp-json\/wp\/v2\/categories?post=78463"},{"taxonomy":"post_tag","embeddable":true,"href":"https:\/\/linitiative.ca\/International\/wp-json\/wp\/v2\/tags?post=78463"}],"curies":[{"name":"wp","href":"https:\/\/api.w.org\/{rel}","templated":true}]}}