{"id":78467,"date":"2020-03-07T15:57:10","date_gmt":"2020-03-07T20:57:10","guid":{"rendered":"https:\/\/linitiative.ca\/International\/le-mco-leader-apres-sa-victoire-face-a-littihad-de-tanger\/"},"modified":"2020-03-07T15:57:10","modified_gmt":"2020-03-07T20:57:10","slug":"le-mco-leader-apres-sa-victoire-face-a-littihad-de-tanger","status":"publish","type":"post","link":"https:\/\/linitiative.ca\/International\/le-mco-leader-apres-sa-victoire-face-a-littihad-de-tanger\/","title":{"rendered":"Le MCO leader apr\u00e8s sa victoire face \u00e0 l\u2019Ittihad de Tanger"},"content":{"rendered":"<div class=\"single-featured\"><img alt=\"\" data-src=\"http:\/\/www.mapoujda.ma\/map\/uploads\/2019\/11\/MCO-face-&#xE0;-DHJ-M750&#xD7;430-MAP-Archive.jpg\"\/><\/div>\n<div class=\"entry-content clearfix single-post-content\" readability=\"58\">\n<p class=\"c5\">Le Mouloudia d\u2019Oujda s\u2019est impos\u00e9 \u00e0 domicile face \u00e0 l\u2019Ittihad de Tanger (1-0) et se hisse provisoirement \u00e0 la t\u00eate du classement de Botola Pro D1, en match comptant pour la 20\u00e8 journ\u00e9e, disput\u00e9 samedi soir au stade d\u2019Honneur d\u2019Oujda.<\/p>\n<p class=\"c5\">L\u2019unique but de la rencontre a \u00e9t\u00e9 l\u2019\u0153uvre de Noah Sadaoui sur penalty \u00e0 la 55\u00e8 minute, qui permet aux Oujdis de d\u00e9crocher les trois pr\u00e9cieux points de la victoire.<\/p>\n<p class=\"c5\">Au terme de cette victoire, la neuvi\u00e8me de la saison, le Mouloudia s\u2019offre provisoirement la premi\u00e8re marche du podium avec 34 points, suivi de pr\u00e8s du Wydad de Casablanca (2\u00e8, 33 pts) et du FUS de Rabat (3\u00e8, 32 pts) qui a remport\u00e9, plus t\u00f4t dans la journ\u00e9e, le derby de la capitale aux d\u00e9pens de l\u2019AS FAR (2-1).<\/p>\n<p class=\"c5\">Pour sa part, l\u2019Ittihad de Tanger, qui a encaiss\u00e9 sa dixi\u00e8me d\u00e9faite de la saison, est avant-dernier avec un total de 15 unit\u00e9s.<\/p>\n<\/div>\n<p>Auteur: Soufiane ELAHMAR<br \/>\n<a href=\"http:\/\/www.mapoujda.ma\/fr\/le-mco-leader-apres-sa-victoire-face-a-littihad-de-tanger\/\">Cliquez ici pour lire l&rsquo;article depuis sa source.<\/a><\/p>\n","protected":false},"excerpt":{"rendered":"<p>Le Mouloudia d\u2019Oujda s\u2019est impos\u00e9 \u00e0 domicile face \u00e0 l\u2019Ittihad de Tanger (1-0) et se hisse provisoirement \u00e0 la t\u00eate du classement de Botola Pro D1, en match comptant pour la 20\u00e8 journ\u00e9e, disput\u00e9 samedi soir au stade d\u2019Honneur d\u2019Oujda. L\u2019unique but de la rencontre a \u00e9t\u00e9 l\u2019\u0153uvre de Noah Sadaoui sur penalty \u00e0 la [&hellip;]<\/p>\n","protected":false},"author":1788,"featured_media":78468,"comment_status":"closed","ping_status":"closed","sticky":false,"template":"","format":"standard","meta":{"fifu_image_url":"","fifu_image_alt":"","footnotes":""},"categories":[54,76],"tags":[],"class_list":["post-78467","post","type-post","status-publish","format-standard","has-post-thumbnail","hentry","category-maroc","category-regions"],"_links":{"self":[{"href":"https:\/\/linitiative.ca\/International\/wp-json\/wp\/v2\/posts\/78467","targetHints":{"allow":["GET"]}}],"collection":[{"href":"https:\/\/linitiative.ca\/International\/wp-json\/wp\/v2\/posts"}],"about":[{"href":"https:\/\/linitiative.ca\/International\/wp-json\/wp\/v2\/types\/post"}],"author":[{"embeddable":true,"href":"https:\/\/linitiative.ca\/International\/wp-json\/wp\/v2\/users\/1788"}],"replies":[{"embeddable":true,"href":"https:\/\/linitiative.ca\/International\/wp-json\/wp\/v2\/comments?post=78467"}],"version-history":[{"count":0,"href":"https:\/\/linitiative.ca\/International\/wp-json\/wp\/v2\/posts\/78467\/revisions"}],"wp:featuredmedia":[{"embeddable":true,"href":"https:\/\/linitiative.ca\/International\/wp-json\/"}],"wp:attachment":[{"href":"https:\/\/linitiative.ca\/International\/wp-json\/wp\/v2\/media?parent=78467"}],"wp:term":[{"taxonomy":"category","embeddable":true,"href":"https:\/\/linitiative.ca\/International\/wp-json\/wp\/v2\/categories?post=78467"},{"taxonomy":"post_tag","embeddable":true,"href":"https:\/\/linitiative.ca\/International\/wp-json\/wp\/v2\/tags?post=78467"}],"curies":[{"name":"wp","href":"https:\/\/api.w.org\/{rel}","templated":true}]}}