{"id":78487,"date":"2020-03-08T08:24:41","date_gmt":"2020-03-08T12:24:41","guid":{"rendered":"https:\/\/linitiative.ca\/International\/102700-coronavirus-report-des-championnats-maghrebin-et-d-afrique-zone-1-de-natation-jeunes\/"},"modified":"2020-03-08T08:24:41","modified_gmt":"2020-03-08T12:24:41","slug":"102700-coronavirus-report-des-championnats-maghrebin-et-d-afrique-zone-1-de-natation-jeunes","status":"publish","type":"post","link":"https:\/\/linitiative.ca\/International\/102700-coronavirus-report-des-championnats-maghrebin-et-d-afrique-zone-1-de-natation-jeunes\/","title":{"rendered":"Coronavirus: report des Championnats maghr\u00e9bin et d\u2019Afrique Zone 1 de natation jeunes"},"content":{"rendered":"<p><span class=\"sp-nh-title\">Inauguration de l&rsquo;exposition La femme dans la soci\u00e9t\u00e9 touareg<\/span> &#8211; <span class=\"sp-nh-date\">dimanche 8 mars 2020 19:57<\/span><\/p>\n<p><span class=\"sp-nh-title\">Oran: ouverture de la premi\u00e8re Fashion week<\/span> &#8211; <span class=\"sp-nh-date\">dimanche 8 mars 2020 19:14<\/span><\/p>\n<p><span class=\"sp-nh-title\">Constantine: un documentaire sur l\u2019histoire des chefs d\u2019\u0153uvre du malouf<\/span> &#8211; <span class=\"sp-nh-date\">dimanche 8 mars 2020 19:03<\/span><\/p>\n<p><span class=\"sp-nh-title\">Le 8 mars c\u00e9l\u00e9br\u00e9 dans le sillage d&rsquo;un processus pour l&rsquo;\u00e9dification de la Nouvelle R\u00e9publique<\/span> &#8211; <span class=\"sp-nh-date\">dimanche 8 mars 2020 18:59<\/span><\/p>\n<p><span class=\"sp-nh-title\">Football\/Coronavirus &#8211; Mesures pr\u00e9ventives : aucune d\u00e9cision n&rsquo;a encore \u00e9t\u00e9 prise<\/span> &#8211; <span class=\"sp-nh-date\">dimanche 8 mars 2020 18:56<\/span><\/p>\n<p><span class=\"sp-nh-title\">Un documentaire sur l\u2019histoire des chefs d\u2019\u0153uvre du malouf en cours pr\u00e9paration<\/span> &#8211; <span class=\"sp-nh-date\">dimanche 8 mars 2020 18:47<\/span><\/p>\n<p><span class=\"sp-nh-title\">Journ\u00e9e internationale de la femme : une \u00e9lite de fonctionnaires de la wilaya d&rsquo;Alger honor\u00e9e<\/span> &#8211; <span class=\"sp-nh-date\">dimanche 8 mars 2020 18:05<\/span><\/p>\n<p><span class=\"sp-nh-title\">R\u00e9habilitation des balcons de Ghoufi : installation d&rsquo;un comit\u00e9 de pr\u00e9paration du prochain colloque national<\/span> &#8211; <span class=\"sp-nh-date\">dimanche 8 mars 2020 18:04<\/span><\/p>\n<p><span class=\"sp-nh-title\">Trois fondements n\u00e9cessaires\u00a0 pour assurer la s\u00e9curit\u00e9 routi\u00e8re \u00a0<\/span> &#8211; <span class=\"sp-nh-date\">dimanche 8 mars 2020 17:55<\/span><\/p>\n<p><span class=\"sp-nh-title\">Installation de Kamel Mansouri \u00e0 la t\u00eate du Fonds national d&rsquo;investissement<\/span> &#8211; <span class=\"sp-nh-date\">dimanche 8 mars 2020 17:53<\/span><\/p>\n<p><span class=\"sp-nh-title\">Deux militaires tomb\u00e9s en martyr \u00e0 Chlef: le Pr\u00e9sident Tebboune pr\u00e9sente ses condol\u00e9ances \u00a0<\/span> &#8211; <span class=\"sp-nh-date\">dimanche 8 mars 2020 17:46<\/span><\/p>\n<p><span class=\"sp-nh-title\">Boukadoum: l&rsquo;Alg\u00e9rie poursuivra ses efforts pour le r\u00e8glement de la crise en Libye<\/span> &#8211; <span class=\"sp-nh-date\">dimanche 8 mars 2020 17:45<\/span><\/p>\n<p><span class=\"sp-nh-title\">Coronavirus: des instructions pour la prise en charge optimale des patients contamin\u00e9s<\/span> &#8211; <span class=\"sp-nh-date\">dimanche 8 mars 2020 17:11<\/span><\/p>\n<p><span class=\"sp-nh-title\">Affaires de montage automobile: poursuite du proc\u00e8s par les plaidoiries de la d\u00e9fense<\/span> &#8211; <span class=\"sp-nh-date\">dimanche 8 mars 2020 17:09<\/span><\/p>\n<p><span class=\"sp-nh-title\">Tassili Airlines inaugure une nouvelle desserte reliant Alger \u00e0 Mechria<\/span> &#8211; <span class=\"sp-nh-date\">dimanche 8 mars 2020 17:02<\/span><\/p>\n<p><span class=\"sp-nh-title\">Le Pr\u00e9sident Tebboune distingue des femmes excellant dans la gestion de projets<\/span> &#8211; <span class=\"sp-nh-date\">dimanche 8 mars 2020 16:36<\/span><\/p>\n<p><span class=\"sp-nh-title\">Mostaganem: un homme atteint du virus Corona, \u00e9vad\u00e9 de l\u2019h\u00f4pital de Boufarik, retrouv\u00e9<\/span> &#8211; <span class=\"sp-nh-date\">dimanche 8 mars 2020 16:32<\/span><\/p>\n<p><span class=\"sp-nh-title\">Football \/ Qualifications CAN-2021 (Gr. H) Alg\u00e9rie : cascade de blessures chez les Verts<\/span> &#8211; <span class=\"sp-nh-date\">dimanche 8 mars 2020 16:23<\/span><\/p>\n<p><span class=\"sp-nh-title\">Championnat d\u2019Alg\u00e9rie de kung fu wushu: illustration des athl\u00e8tes de l\u2019AS S\u00fbret\u00e9 nationale<\/span> &#8211; <span class=\"sp-nh-date\">dimanche 8 mars 2020 16:21<\/span><\/p>\n<p><span class=\"sp-nh-title\">Le ministre d&rsquo;Etat britannique pour la r\u00e9gion MENA, en visite de travail \u00e0 Alger<\/span> &#8211; <span class=\"sp-nh-date\">dimanche 8 mars 2020 16:10<\/span><\/p>\n<p>Auteur:<br \/>\n<a href=\"http:\/\/www.aps.dz\/sport\/102700-coronavirus-report-des-championnats-maghrebin-et-d-afrique-zone-1-de-natation-jeunes?utm_source=feedburner&#038;utm_medium=feed&#038;utm_campaign=Feed%3A+aps-sport+%28APS+-+SPORT%29\">Cliquez ici pour lire l&rsquo;article depuis sa source.<\/a><\/p>\n","protected":false},"excerpt":{"rendered":"<p>Inauguration de l&rsquo;exposition La femme dans la soci\u00e9t\u00e9 touareg &#8211; dimanche 8 mars 2020 19:57 Oran: ouverture de la premi\u00e8re Fashion week &#8211; dimanche 8 mars 2020 19:14 Constantine: un documentaire sur l\u2019histoire des chefs d\u2019\u0153uvre du malouf &#8211; dimanche 8 mars 2020 19:03 Le 8 mars c\u00e9l\u00e9br\u00e9 dans le sillage d&rsquo;un processus pour l&rsquo;\u00e9dification [&hellip;]<\/p>\n","protected":false},"author":1790,"featured_media":0,"comment_status":"closed","ping_status":"closed","sticky":false,"template":"","format":"standard","meta":{"fifu_image_url":"","fifu_image_alt":"","footnotes":""},"categories":[53,75],"tags":[],"class_list":["post-78487","post","type-post","status-publish","format-standard","hentry","category-algerie","category-sport"],"_links":{"self":[{"href":"https:\/\/linitiative.ca\/International\/wp-json\/wp\/v2\/posts\/78487","targetHints":{"allow":["GET"]}}],"collection":[{"href":"https:\/\/linitiative.ca\/International\/wp-json\/wp\/v2\/posts"}],"about":[{"href":"https:\/\/linitiative.ca\/International\/wp-json\/wp\/v2\/types\/post"}],"author":[{"embeddable":true,"href":"https:\/\/linitiative.ca\/International\/wp-json\/wp\/v2\/users\/1790"}],"replies":[{"embeddable":true,"href":"https:\/\/linitiative.ca\/International\/wp-json\/wp\/v2\/comments?post=78487"}],"version-history":[{"count":0,"href":"https:\/\/linitiative.ca\/International\/wp-json\/wp\/v2\/posts\/78487\/revisions"}],"wp:attachment":[{"href":"https:\/\/linitiative.ca\/International\/wp-json\/wp\/v2\/media?parent=78487"}],"wp:term":[{"taxonomy":"category","embeddable":true,"href":"https:\/\/linitiative.ca\/International\/wp-json\/wp\/v2\/categories?post=78487"},{"taxonomy":"post_tag","embeddable":true,"href":"https:\/\/linitiative.ca\/International\/wp-json\/wp\/v2\/tags?post=78487"}],"curies":[{"name":"wp","href":"https:\/\/api.w.org\/{rel}","templated":true}]}}