{"id":78506,"date":"2020-03-08T15:34:00","date_gmt":"2020-03-08T19:34:00","guid":{"rendered":"https:\/\/linitiative.ca\/International\/dr-mohamed-ade-chehida-coronavirus-en-italie-un-jour-pas-comme-les-autres-et-la-tunisie\/"},"modified":"2020-03-08T15:34:00","modified_gmt":"2020-03-08T19:34:00","slug":"dr-mohamed-ade-chehida-coronavirus-en-italie-un-jour-pas-comme-les-autres-et-la-tunisie","status":"publish","type":"post","link":"https:\/\/linitiative.ca\/International\/dr-mohamed-ade-chehida-coronavirus-en-italie-un-jour-pas-comme-les-autres-et-la-tunisie\/","title":{"rendered":"Dr Mohamed Ade Chehida: Coronavirus en Italie, un jour pas comme les autres. Et la Tunisie?"},"content":{"rendered":"<p>Une journ\u00e9e pas comme les autres, un d\u00e9cret sign\u00e9 tard dans la soir\u00e9e du 7 mars 2020 par le pr\u00e9sident du gouvernement italien Mr Giuseppe Conte, d\u00e9clarant la r\u00e9gion Lombardie (c\u0153ur de l\u2019\u00e9conomie italienne) et d\u2019autres provinces dans d\u2019autres r\u00e9gions Zones Rouges, vient d\u2019\u00eatre adopt\u00e9, avec plein de mesures contraignantes, pour la vie de soci\u00e9t\u00e9 de presque 15 millions de personnes, en les mettant en quarantaine.Personne n\u2019entre, personne ne sort, de ces zones de quarantaine, sauf pour cause majeure, sinon au prix de lourdes sanctions.<\/p>\n<p>Le brouillon du d\u00e9cret, exfiltr\u00e9 \u00e0 la presse et publi\u00e9 avant sa signature, a provoqu\u00e9 hier soir un mouvement de panique et une course aux gares de trains ou une fuite en voiture vers le sud du pays.<\/p>\n<p>Ceci me pousse \u00e0 m\u2019interroger sur le degr\u00e9 du civisme et de responsabilit\u00e9 civique que les gens sont en mesure de garder, en face de la peur que suscite en eux la menace, \u00e0 la quelle ils sont actuellement confront\u00e9s.<\/p>\n<p>Certes, les bulletins quotidiens semblent \u00eatre ceux d\u2019une guerre avec des chiffres d\u2019hospitalisations et de d\u00e9c\u00e8s aussi importants et un syst\u00e8me de sant\u00e9 italien (sous stress) pouss\u00e9 \u00e0 la limite\u00a0 de ses possibilit\u00e9s dans les zones touch\u00e9s par l\u2019\u00e9pid\u00e9mie Covid-19.<\/p>\n<p>La protection civile vient d\u2019annoncer : 6387 personnes ont \u00e9t\u00e9 test\u00e9es positives, 622 cas de gu\u00e9rison et 133 d\u00e9c\u00e8s en plus durant les derni\u00e8res 24 heures, soit un total de 366 d\u00e9c\u00e9d\u00e9es, depuis le 18 f\u00e9vrier.<\/p>\n<p>Pr\u00e8s de 2080 sont actuellement en isolement \u00e0 domicile, y compris,\u00a0\u00a0 le secr\u00e9taire g\u00e9n\u00e9ral du deuxi\u00e8me parti de l\u2019Italie, le parti d\u00e9mocratique, et le chef de l\u2019\u00e9tat major de l\u2019arm\u00e9e italienne.<\/p>\n<p>3657 personnes sont hospitalis\u00e9es, dont la majorit\u00e9 r\u00e9side en Lombardie et le reste du Nord de l\u2019Italie.<\/p>\n<p>Cette virose susceptible de\u00a0 gu\u00e9rir spontan\u00e9ment, dans plus de 80% des cas, cependant, est agressive et mortelle dans 4,25% des cas infect\u00e9s en Italie, un taux nettement sup\u00e9rieur au taux de mortalit\u00e9 enregistr\u00e9 en\u00a0 Chine, \u00e9tabli \u00e0 3,5%, en raison de la moyenne d\u2019\u00e2ge \u00e9lev\u00e9e ici, en Italie.<\/p>\n<p>Cette infection virale\u00a0 attaque les personnes \u00e2g\u00e9es avec des pathologies adjacentes en causant des atteintes pulmonaires graves n\u00e9cessitant l\u2019hospitalisation dans des unit\u00e9s de r\u00e9animation pour une ventilation artificielle.<\/p>\n<p>En ce moment, 657 cas (soit 19,3% des cas hospitalis\u00e9s avec sympt\u00f4mes) ont \u00e9t\u00e9 transf\u00e9r\u00e9s en r\u00e9animation.<\/p>\n<p>Vous imaginez la charge de travail et le surbooking subis par les structures sanitaires ?!<\/p>\n<p>Car entre temps les urgences continuent \u00e0 recevoir les accident\u00e9s de la voie publique et autres cas pathologiques justiciables des soins intensifs. L\u2019ampleur du ph\u00e9nom\u00e8ne r\u00e9side dans le fait que la demande de postes en r\u00e9a est \u00e9lev\u00e9e en un espace de temps tr\u00e8s r\u00e9duit d\u2019o\u00f9\u00a0 la saturation, n\u00e9cessitant la cr\u00e9ation d\u2019autres lits et la modification rapide,\u00a0 presque compl\u00e8te, de l\u2019organisation\u00a0 de l\u2019activit\u00e9 au sein de l\u2019h\u00f4pital. Des interventions chirurgicales pr\u00e9alablement programm\u00e9es sont bloqu\u00e9es, les salles de r\u00e9veils converties en salles de r\u00e9animation, les services de radio et consultations journali\u00e8res ont r\u00e9duit\u00a0 drastiquement l\u2019activit\u00e9 pour red\u00e9ployer le personnel vers les points critiques.<\/p>\n<p>Voici pourquoi le gouvernement et la politique ont pris des d\u00e9cisions radicales, en s\u2019aidant plus que jamais de l\u2019avis des experts scientifiques,\u00a0 pour limiter la propagation de l\u2019\u00e9pid\u00e9mie en cherchant de r\u00e9duire le nombre de l\u2019incidence de nouveaux cas, avec un pic le plus tardif possible et une incidence \u00e9tal\u00e9e au maximum sur le temps.<br \/>Ce qui permettrait aux structures hospitali\u00e8res de r\u00e9sister \u00e0 l\u2019afflux des patients et les prendre en charge correctement.<\/p>\n<p class=\"c2\"><img decoding=\"async\" src=\"\/uploads\/FCK_files\/Sans-titre-1(39).jpg\" width=\"100%\" vspace=\"5\" hspace=\"5\" align=\"middle\" alt=\"\"\/><\/p>\n<p>Le gouvernement a d\u00e9bloqu\u00e9 en urgence 7,5 Milliards d\u2019euro d\u2019une fa\u00e7on exceptionnelle avec l\u2019accord de l\u2019Europe, presque 1 Milliard d\u2019euro destin\u00e9s \u00e0 la Sant\u00e9 seront destin\u00e9s au recrutement de\u00a0 20000 agents sanitaires, entre m\u00e9decins, infirmiers et autres cat\u00e9gories de personnel, sans parler du mat\u00e9riel de r\u00e9animation (ventilateurs).<br \/>Toutes ces mesures semblent impressionnantes et r\u00e9barbatives surtout en ce qui concerne le changement de vie quotidienne\u00a0 et de nos habitudes m\u00e9diterran\u00e9ennes habituellement gr\u00e9gaires (accolades, bisous,\u2026)<\/p>\n<p>On ne fait plus d\u2019accolades, on se frotte les mains avec du gel d\u00e9sinfectant ou bien on les lave avec du savon apr\u00e8s les salutations, on prend le cappuccino avec croissant \u00e0 la cr\u00e8me distant au moins de 1 m\u00e8tre chacun de l\u2019autre, sans parler de ceux qui cherchent des pr\u00e9textes pour mettre des masques protecteurs.<\/p>\n<p>Un article<span class=\"c3\"><sup><strong>*<\/strong><\/sup><\/span> sortie le 6 mars sur la revue Science \u00e9crit par deux journalistes scientifiques qui ont accompagn\u00e9 la d\u00e9l\u00e9gation d\u2019experts de l\u2019OMS en Chine se demandent si les m\u00e9thodes agressives chinoises anti Covid-19 ignorant les libert\u00e9s civiles et les exigences de la vie sociale sont applicables en occident ou non ?<\/p>\n<p>Coronavirus serait il un alibi pour\u00a0 l\u2019extr\u00eame droite raciste et aux syst\u00e8mes autoritaires pour en abuser et conqu\u00e9rir un pouvoir limitatif des libert\u00e9s individuelles ?<\/p>\n<p>Le tableau que je viens de d\u00e9crire \u00e0 travers ces lignes, peut sembler assez sombre et alarmant pour le citoyen tunisien.<\/p>\n<p>Je l\u2019ai fait en toute conscience\u00a0 pour l\u2019informer et lui demander de se pr\u00e9parer \u00e0 changer certaines habitudes en se conformant aux proc\u00e9dures d\u2019hygi\u00e8nes et de certains comportements simples\u00a0 qui peuvent sauver des vies.<\/p>\n<p>Je l&rsquo;ai fait aussi\u00a0 pour attirer l\u2019attention du pr\u00e9sident du gouvernement Mr Elyes el Fakhfakh, Mr le secr\u00e9taire g\u00e9n\u00e9ral de l\u2019UGTT et Mr le pr\u00e9sident de l\u2019UTICA\u00a0 et les inviter \u00e0 conclure un pacte urgent de paix sociale pendant cette p\u00e9riode grave.<\/p>\n<p>Je m\u2019adresse \u00e0 vous car malheureusement nos d\u00e9put\u00e9s sous la coupole du Bardo ne sont pas en train de se r\u00e9v\u00e9ler \u00e0 la hauteur des paris qui attendent notre ch\u00e8re Tunisie<\/p>\n<p class=\"c4\"><strong>Dr Mohamed Ade Chehida<\/strong><\/p>\n<p><em>*<\/em> <a href=\"https:\/\/science.sciencemag.org\/content\/367\/6482\/1061\" target=\"_blank\" rel=\"noopener noreferrer\"><em>https:\/\/science.sciencemag.org\/content\/367\/6482\/1061<\/em><\/a><\/p>\n<p>Auteur:<br \/>\n<a href=\"https:\/\/www.leaders.com.tn\/article\/29311-coronavirus-en-italie-un-jour-pas-comme-les-autres-et-la-tunisie\">Cliquez ici pour lire l&rsquo;article depuis sa source.<\/a><\/p>\n","protected":false},"excerpt":{"rendered":"<p>Une journ\u00e9e pas comme les autres, un d\u00e9cret sign\u00e9 tard dans la soir\u00e9e du 7 mars 2020 par le pr\u00e9sident du gouvernement italien Mr Giuseppe Conte, d\u00e9clarant la r\u00e9gion Lombardie (c\u0153ur de l\u2019\u00e9conomie italienne) et d\u2019autres provinces dans d\u2019autres r\u00e9gions Zones Rouges, vient d\u2019\u00eatre adopt\u00e9, avec plein de mesures contraignantes, pour la vie de soci\u00e9t\u00e9 [&hellip;]<\/p>\n","protected":false},"author":1772,"featured_media":78507,"comment_status":"closed","ping_status":"closed","sticky":false,"template":"","format":"standard","meta":{"fifu_image_url":"","fifu_image_alt":"","footnotes":""},"categories":[73,55],"tags":[],"class_list":["post-78506","post","type-post","status-publish","format-standard","has-post-thumbnail","hentry","category-actualite","category-tunisie"],"_links":{"self":[{"href":"https:\/\/linitiative.ca\/International\/wp-json\/wp\/v2\/posts\/78506","targetHints":{"allow":["GET"]}}],"collection":[{"href":"https:\/\/linitiative.ca\/International\/wp-json\/wp\/v2\/posts"}],"about":[{"href":"https:\/\/linitiative.ca\/International\/wp-json\/wp\/v2\/types\/post"}],"author":[{"embeddable":true,"href":"https:\/\/linitiative.ca\/International\/wp-json\/wp\/v2\/users\/1772"}],"replies":[{"embeddable":true,"href":"https:\/\/linitiative.ca\/International\/wp-json\/wp\/v2\/comments?post=78506"}],"version-history":[{"count":0,"href":"https:\/\/linitiative.ca\/International\/wp-json\/wp\/v2\/posts\/78506\/revisions"}],"wp:featuredmedia":[{"embeddable":true,"href":"https:\/\/linitiative.ca\/International\/wp-json\/"}],"wp:attachment":[{"href":"https:\/\/linitiative.ca\/International\/wp-json\/wp\/v2\/media?parent=78506"}],"wp:term":[{"taxonomy":"category","embeddable":true,"href":"https:\/\/linitiative.ca\/International\/wp-json\/wp\/v2\/categories?post=78506"},{"taxonomy":"post_tag","embeddable":true,"href":"https:\/\/linitiative.ca\/International\/wp-json\/wp\/v2\/tags?post=78506"}],"curies":[{"name":"wp","href":"https:\/\/api.w.org\/{rel}","templated":true}]}}