{"id":78508,"date":"2020-03-08T15:59:00","date_gmt":"2020-03-08T19:59:00","guid":{"rendered":"https:\/\/linitiative.ca\/International\/mohamed-kasdallah-vaincre-le-terrorisme-sans-leradiquer-vraie-question-et-fausse-indignation\/"},"modified":"2020-03-08T15:59:00","modified_gmt":"2020-03-08T19:59:00","slug":"mohamed-kasdallah-vaincre-le-terrorisme-sans-leradiquer-vraie-question-et-fausse-indignation","status":"publish","type":"post","link":"https:\/\/linitiative.ca\/International\/mohamed-kasdallah-vaincre-le-terrorisme-sans-leradiquer-vraie-question-et-fausse-indignation\/","title":{"rendered":"Mohamed Kasdallah: Vaincre le terrorisme sans l\u2019\u00e9radiquer ? Vraie question et fausse indignation"},"content":{"rendered":"<p><img decoding=\"async\" src=\"\/uploads\/FCK_files\/Mohamed-Kasdallah(10).jpg\" alt=\"\" width=\"30%\" vspace=\"5\" hspace=\"5\" align=\"right\"\/>Le terrorisme qui frappe la Tunisie fait partie d\u2019une strat\u00e9gie plus globale de d\u00e9stabilisation d\u2019un espace g\u00e9opolitique qui s\u2019\u00e9tend du Machrek au Maghreb y compris dans sa partie Sud qui comprend la r\u00e9gion englobant les pays du Sahel.<\/p>\n<p>L\u2019objectif de cr\u00e9er le chaos en Tunisie ne fait plus l\u2019ombre d\u2019un doute. Il\u00a0 ne fait\u00a0 que\u00a0 compliquer le r\u00e8glement de la crise libyenne et du coup, il permettrait au terrorisme de \u00abcouvrir\u00bb toute la fronti\u00e8re Est de l\u2019Alg\u00e9rie.<\/p>\n<p>La mort d\u2019un Officier de la police? Pr\u00e9histoire, c\u2019est d\u00e9j\u00e0 oubli\u00e9e! La m\u00e9moire tunisienne ! Ah, l\u2019amn\u00e9sie nationale! \u00c7a va \u00eatre oubli\u00e9 dans\u00a0 24h chrono! On se souviendra \u00e0 peine des corps humains d\u00e9chiquet\u00e9s et \u00e9parpill\u00e9s\u00a0 \u00e0 des centaines de m\u00e8tres\u00a0\u00a0 dans des endroits traumatis\u00e9s par une exhibition barbare. Et il est probable que le pays continuera longtemps \u00e0 s\u2019horrifier de cette escalade d\u2019abjection avant de se r\u00e9soudre \u00e0 se donner les moyens d\u2019y mettre fin.<br \/>Il n\u2019est pas certain que le terrorisme puisse, un jour, \u00eatre vaincu par des strat\u00e9gies de \u00abcontainment\u00bb: Il a le choix des armes, le choix du moment et le choix de ses cibles. Il frappe l\u00e0 o\u00f9 il peut .Quand il ne peut pas,\u00a0 il frappera l\u00e0 o\u00f9\u00a0 il veut.<\/p>\n<p>Le terrorisme sera vaincu le jour o\u00f9 l\u2019id\u00e9ologie qui le fonde, le l\u00e9gitime et l\u2019anime sera vaincue. Le jour o\u00f9 le salafisme qui sugg\u00e8re et justifie le crime n\u2019aura plus droit de cit\u00e9.<\/p>\n<p>On ne se prot\u00e8ge pas du terrorisme; s\u2019il ne vous atteint pas, il atteindra votre prochain. Pour s\u2019en prot\u00e9ger, il faudrait l\u2019\u00e9radiquer, le d\u00e9manteler par la racine.<br \/>Les d\u00e9bats sous la coupole de l\u2019ARP traduisent un chaos indescriptible. La haine \u00e9chang\u00e9e\u00a0 entre \u00abd\u00e9put\u00e9s\u00bb, les guillemets s\u2019imposent, ne fait qu\u2019attiser un\u00a0 feu\u00a0 d\u00e9j\u00e0 ravageur.<\/p>\n<p>Dans notre langage courant, il nous arrive d\u2019\u00e9voquer les terroristes par le vocable insultant pour la fraternit\u00e9 de \u00abIkhou\u00e8n\u00bb. Si l\u2019Islamisme et son corollaire, le terrorisme ont si longuement perdur\u00e9 dans notre\u00a0 pays, c\u2019est qu\u2019il y a un fondement soci\u00e9tal au ph\u00e9nom\u00e8ne Quand on n\u2019a pas le courage de s\u2019interroger individuellement et collectivement sur les responsabilit\u00e9s, il ne sert \u00e0 rien d\u2019aller se chercher de superflues indignations. La Tunisie l\u2019a appris \u00e0 ses d\u00e9pens: On ne manipule pas impun\u00e9ment l\u2019Islamisme car il finit par nous exploser \u00e0 la figure et quand on s\u2019y emp\u00eatre, on n\u2019en sort jamais sans d\u00e9g\u00e2ts.<\/p>\n<p>Ces d\u00e9put\u00e9s qui\u00a0 persistent dans leur agitation n\u00e9vrotique, s\u2019accusent\u00a0 \u00e0 cor et \u00e0 cri d\u2019apostasie ou d\u2019excommunication, sont des vrais th\u00e9oriciens du terrorisme et sont aussi dangereux que les tangos des djebels.<\/p>\n<p>Irr\u00e9ductiblement hostiles les uns des autres, ils ne constituent que la partie visible de l\u2019iceberg. Celle-ci donne d\u00e9j\u00e0 le vertige et le bon sens commun nous pousse \u00e0 des questionnements incontournables: Comment tout cela\u00a0 at-il\u00a0 \u00e9t\u00e9 possible pendant tout ce temps? N\u2019y avait-il point d\u2019hommes dans cet Etat en mesure d\u2019alerter sur l\u2019ampleur des d\u00e9g\u00e2ts et de mettre un terme \u00e0 cette gabegie ? Certains parmi ceux qui dirigent encore aujourd\u2019hui\u00a0 \u00e9taient n\u00e9cessairement impliqu\u00e9s, alors comment peuvent \u2013ils encore disposer de droit de gouverner et de d\u00e9cider de l\u2019avenir d\u2019un pays qu\u2019ils avaient laiss\u00e9 meurtrir?<\/p>\n<p>Qu\u2019est-ce qui dans la soci\u00e9t\u00e9 civile n\u2019avait pas fonctionn\u00e9 et pourquoi? Comment a-t-on pu accepter l\u2019abandon de tant de projets de r\u00e9formes strat\u00e9giques pour la Tunisie, lui faisant perdre une d\u00e9cennie pour le seul profit d\u2019int\u00e9r\u00eats \u00e9troits d\u2019une caste incapable d\u2019avoir une vision nationale des enjeux?<\/p>\n<p>Cette caste est non seulement coupable d\u2019avoir pill\u00e9 le pays mais\u00a0 aussi et surtout de l\u2019avoir emp\u00each\u00e9 d\u2019\u00e9merger et d\u2019\u00eatre ce \u00e0 quoi naturellement l\u2019Histoire le pr\u00e9destinait.<br \/>Notre belle Tunisie est tr\u00e8s ch\u00e8re, il ne faut pas la laisser entre les mains des sans principes, sans morale et sans conscience; \u00abIls d\u00e9ciment le troupeau avec le loup puis ils pleurent avec le berger\u00bb selon le proverbe du terroir.<\/p>\n<p>Enfin, cette situation ne disparaitra pas avec ses hommes les plus visibles, mais par une refondation de l\u2019Etat et de ses institutions, une r\u00e9forme profonde de la soci\u00e9t\u00e9. L\u2019offre politique aussi doit changer, de nouvelles \u00e9lites doivent \u00e9merger et aux\u00a0 \u00abintellectuels organiques\u00bb de s\u2019imposer .Ces derniers ne tomberont surement pas du ciel, mais seront l\u2019\u00e9manation d\u2019une volont\u00e9 populaire, d\u2019une nation organiquement constitu\u00e9e et d\u2019une soci\u00e9t\u00e9 civile faite de libert\u00e9.<\/p>\n<p class=\"c2\"><strong>Mohamed Kasdallah<\/strong><br \/><em>Officier(r) de l\u2019Arm\u00e9e Nationale<\/em><br \/>\u00a0<\/p>\n<p>Auteur:<br \/>\n<a href=\"https:\/\/www.leaders.com.tn\/article\/29312-mohamed-kasdallah-vaincre-le-terrorisme-sans-l-eradiquer-vraie-question-et-fausse-indignation\">Cliquez ici pour lire l&rsquo;article depuis sa source.<\/a><\/p>\n","protected":false},"excerpt":{"rendered":"<p>Le terrorisme qui frappe la Tunisie fait partie d\u2019une strat\u00e9gie plus globale de d\u00e9stabilisation d\u2019un espace g\u00e9opolitique qui s\u2019\u00e9tend du Machrek au Maghreb y compris dans sa partie Sud qui comprend la r\u00e9gion englobant les pays du Sahel. L\u2019objectif de cr\u00e9er le chaos en Tunisie ne fait plus l\u2019ombre d\u2019un doute. Il\u00a0 ne fait\u00a0 que\u00a0 [&hellip;]<\/p>\n","protected":false},"author":1772,"featured_media":78509,"comment_status":"closed","ping_status":"closed","sticky":false,"template":"","format":"standard","meta":{"fifu_image_url":"","fifu_image_alt":"","footnotes":""},"categories":[73,55],"tags":[],"class_list":["post-78508","post","type-post","status-publish","format-standard","has-post-thumbnail","hentry","category-actualite","category-tunisie"],"_links":{"self":[{"href":"https:\/\/linitiative.ca\/International\/wp-json\/wp\/v2\/posts\/78508","targetHints":{"allow":["GET"]}}],"collection":[{"href":"https:\/\/linitiative.ca\/International\/wp-json\/wp\/v2\/posts"}],"about":[{"href":"https:\/\/linitiative.ca\/International\/wp-json\/wp\/v2\/types\/post"}],"author":[{"embeddable":true,"href":"https:\/\/linitiative.ca\/International\/wp-json\/wp\/v2\/users\/1772"}],"replies":[{"embeddable":true,"href":"https:\/\/linitiative.ca\/International\/wp-json\/wp\/v2\/comments?post=78508"}],"version-history":[{"count":0,"href":"https:\/\/linitiative.ca\/International\/wp-json\/wp\/v2\/posts\/78508\/revisions"}],"wp:featuredmedia":[{"embeddable":true,"href":"https:\/\/linitiative.ca\/International\/wp-json\/"}],"wp:attachment":[{"href":"https:\/\/linitiative.ca\/International\/wp-json\/wp\/v2\/media?parent=78508"}],"wp:term":[{"taxonomy":"category","embeddable":true,"href":"https:\/\/linitiative.ca\/International\/wp-json\/wp\/v2\/categories?post=78508"},{"taxonomy":"post_tag","embeddable":true,"href":"https:\/\/linitiative.ca\/International\/wp-json\/wp\/v2\/tags?post=78508"}],"curies":[{"name":"wp","href":"https:\/\/api.w.org\/{rel}","templated":true}]}}