{"id":78513,"date":"2020-03-08T06:15:05","date_gmt":"2020-03-08T10:15:05","guid":{"rendered":"https:\/\/linitiative.ca\/International\/plafonnement-des-honoraires-les-notaires-observeront-une-serie-de-greves-et-de-sit-in\/"},"modified":"2020-03-08T06:15:05","modified_gmt":"2020-03-08T10:15:05","slug":"plafonnement-des-honoraires-les-notaires-observeront-une-serie-de-greves-et-de-sit-in","status":"publish","type":"post","link":"https:\/\/linitiative.ca\/International\/plafonnement-des-honoraires-les-notaires-observeront-une-serie-de-greves-et-de-sit-in\/","title":{"rendered":"Plafonnement des honoraires : Les notaires observeront une s\u00e9rie de gr\u00e8ves et de sit-in"},"content":{"rendered":"<p><strong>Les notaires sont d\u00e9cid\u00e9s \u00e0 poursuivre leur lutte pour obtenir gain de cause dans leur bras de fer avec le gouvernement au sujet du plafonnement des honoraires.<\/strong><\/p>\n<div class=\"c10\"\/>\n<p>Le conseil national de l\u2019Ordre des notaires du Maroc a d\u00e9cid\u00e9, lors d\u2019une r\u00e9union samedi \u00e0 Casablanca, d\u2019observer une <strong>gr\u00e8ve nationale<\/strong> et une s\u00e9rie de sit-in pour protester contre le plafonnement de leurs honoraires. Dans un communiqu\u00e9, l\u2019ordre a point\u00e9 l\u2019attitude de l\u2019ex\u00e9cutif qui \u00ab\u00a0n\u2019a pas interagi favorablement\u00a0\u00bb avec les notaires sur le dossier du plafonnement des honoraires, affirmant avoir d\u00e9cid\u00e9 de mener une gr\u00e8ve nationale les 12, 19, 30 et 31 mars, et d\u2019organiser des sit-in devant les diff\u00e9rentes Cours d\u2019appel le 12 et le 19 mars ainsi que devant le si\u00e8ge du minist\u00e8re de la Justice le 31 du m\u00eame mois.<\/p>\n<p><strong>L\u2019Ordre des notaires<\/strong> a assur\u00e9 qu\u2019il poursuivra son mouvement afin de \u00ab\u00a0pr\u00e9server les droits du notaire, mais aussi des citoyens, en termes de tarifs unifi\u00e9s \u00e0 l\u2019\u00e9chelle nationale\u00a0\u00bb, expliquant que le notaire n\u2019a pas le droit de percevoir des honoraires en dehors des tarifs fix\u00e9s en vertu du d\u00e9cret y aff\u00e9rent.<\/p>\n<p>Il a en outre appel\u00e9 le gouvernement \u00e0 r\u00e9pondre aux demandes \u00ab\u00a0l\u00e9gitimes et l\u00e9galement fond\u00e9es\u00a0\u00bb des notaires, tout en se disant soucieux de maintenir ouverte la voie du <strong>dialogue<\/strong> avec l\u2019ex\u00e9cutif afin de garantir les droits des citoyens et des investisseurs au m\u00eame titre que la stabilit\u00e9 des diff\u00e9rentes transactions.<\/p>\n<p>D\u2019autre part, l\u2019ordre des notaires a fait part de sa d\u00e9termination \u00e0 \u00ab\u00a0s\u2019engager dans diverses formes de protestation en vue de d\u00e9fendre et concr\u00e9tiser les objectifs de la profession et ses droits l\u00e9gitimes\u00a0\u00bb.<\/p>\n<div class=\"c17\">\n<fieldset class=\"c16\">\n<legend><strong><span class=\"c11\">Challenge<\/span><span class=\"c12\">news<\/span><\/strong><\/legend>\n<div class=\"c15\">Le meilleur de Challenge s\u00e9lectionn\u00e9 par la r\u00e9daction :<\/p>\n<\/div>\n<\/fieldset>\n<\/div>\n<p>Auteur: challenge<br \/>\n<a href=\"https:\/\/www.challenge.ma\/plafonnement-des-honoraires-les-notaires-observeront-une-serie-de-greves-et-de-sit-in-131620\/\">Cliquez ici pour lire l&rsquo;article depuis sa source.<\/a><\/p>\n","protected":false},"excerpt":{"rendered":"<p>Les notaires sont d\u00e9cid\u00e9s \u00e0 poursuivre leur lutte pour obtenir gain de cause dans leur bras de fer avec le gouvernement au sujet du plafonnement des honoraires. Le conseil national de l\u2019Ordre des notaires du Maroc a d\u00e9cid\u00e9, lors d\u2019une r\u00e9union samedi \u00e0 Casablanca, d\u2019observer une gr\u00e8ve nationale et une s\u00e9rie de sit-in pour protester [&hellip;]<\/p>\n","protected":false},"author":1787,"featured_media":0,"comment_status":"closed","ping_status":"closed","sticky":false,"template":"","format":"standard","meta":{"fifu_image_url":"","fifu_image_alt":"","footnotes":""},"categories":[78,54],"tags":[],"class_list":["post-78513","post","type-post","status-publish","format-standard","hentry","category-economie","category-maroc"],"_links":{"self":[{"href":"https:\/\/linitiative.ca\/International\/wp-json\/wp\/v2\/posts\/78513","targetHints":{"allow":["GET"]}}],"collection":[{"href":"https:\/\/linitiative.ca\/International\/wp-json\/wp\/v2\/posts"}],"about":[{"href":"https:\/\/linitiative.ca\/International\/wp-json\/wp\/v2\/types\/post"}],"author":[{"embeddable":true,"href":"https:\/\/linitiative.ca\/International\/wp-json\/wp\/v2\/users\/1787"}],"replies":[{"embeddable":true,"href":"https:\/\/linitiative.ca\/International\/wp-json\/wp\/v2\/comments?post=78513"}],"version-history":[{"count":0,"href":"https:\/\/linitiative.ca\/International\/wp-json\/wp\/v2\/posts\/78513\/revisions"}],"wp:attachment":[{"href":"https:\/\/linitiative.ca\/International\/wp-json\/wp\/v2\/media?parent=78513"}],"wp:term":[{"taxonomy":"category","embeddable":true,"href":"https:\/\/linitiative.ca\/International\/wp-json\/wp\/v2\/categories?post=78513"},{"taxonomy":"post_tag","embeddable":true,"href":"https:\/\/linitiative.ca\/International\/wp-json\/wp\/v2\/tags?post=78513"}],"curies":[{"name":"wp","href":"https:\/\/api.w.org\/{rel}","templated":true}]}}