{"id":78516,"date":"2020-03-08T15:17:56","date_gmt":"2020-03-08T19:17:56","guid":{"rendered":"https:\/\/linitiative.ca\/International\/tunisie-journee-mondiale-de-la-femme-fakhfekh-au-chevet-de-radhia-nasraoui\/"},"modified":"2020-03-08T15:17:56","modified_gmt":"2020-03-08T19:17:56","slug":"tunisie-journee-mondiale-de-la-femme-fakhfekh-au-chevet-de-radhia-nasraoui","status":"publish","type":"post","link":"https:\/\/linitiative.ca\/International\/tunisie-journee-mondiale-de-la-femme-fakhfekh-au-chevet-de-radhia-nasraoui\/","title":{"rendered":"Tunisie \u2013 Journ\u00e9e mondiale de la femme : Fakhfekh au chevet de Radhia Nasraoui"},"content":{"rendered":"<div class=\"post-cont-in left relative\">\n<p>Le chef du gouvernement, Elyes Fakhfekh, s\u2019est rendu ce soir, \u00e0 l\u2019occasion de la comm\u00e9moration de la journ\u00e9e mondiale de la femme, au chevet de Radhia Nasraoui, hospitalis\u00e9e.<\/p>\n<div class=\"code-block code-block-1 c3\"><ins class=\"adsbygoogle c2\" data-ad-layout=\"in-article\" data-ad-format=\"fluid\" data-ad-client=\"ca-pub-2102118777505746\" data-ad-slot=\"7301775417\"\/> <\/div>\n<p>Fakhfekh \u00e9tait accompagn\u00e9 du ministre de la D\u00e9fense nationale, Imed Hazgui, de la ministre de la Femme, Asma Sehiri, et du ministre d\u00e9l\u00e9gu\u00e9 charg\u00e9 des droits de l\u2019Homme, Ayachi Hammami.<\/p>\n<p>Radhia Nasraoui les a re\u00e7us dans sa chambre d\u2019h\u00f4pital, accompagn\u00e9e de son \u00e9poux, Hamma Hammami.<\/p>\n<div class=\"swp_social_panel swp_horizontal_panel swp_flat_fresh swp_default_full_color swp_individual_full_color swp_other_full_color scale-100 scale-\" data-min-width=\"1100\" data-float-color=\"#ffffff\" data-float=\"bottom\" data-float-mobile=\"bottom\" data-transition=\"slide\">\n<div class=\"nc_tweetContainer swp_share_button total_shares total_sharesalt\"><span class=\"swp_count\">8 <span class=\"swp_label\">Partages<\/span><\/span><\/div>\n<\/div>\n<p><strong>Que se passe-t-il en Tunisie?<\/strong><br \/>Nous expliquons sur notre <a href=\"https:\/\/www.youtube.com\/channel\/UCRzypVq0B_yBad5eGrwBx0Q?sub_confirmation=1\" target=\"_blank\" rel=\"noopener noreferrer\">cha\u00eene YouTube<\/a> . <a href=\"https:\/\/www.youtube.com\/channel\/UCRzypVq0B_yBad5eGrwBx0Q?sub_confirmation=1\" target=\"_blank\" rel=\"noopener noreferrer\">Abonnez-vous!<\/a><\/p>\n<div class=\"mvp-org-wrap mvp-org-logo\" itemprop=\"publisher\" itemscope=\"\" itemtype=\"https:\/\/schema.org\/Organization\"><img decoding=\"async\" src=\"https:\/\/www.tunisienumerique.com\/wp-content\/uploads\/2017\/02\/logo_tunisie_numerique.png\"\/><\/div>\n<div class=\"mvp-related-posts left relative\">\n<h4 class=\"post-header\"><span class=\"post-header\">Lire aussi<\/span><\/h4>\n<\/div>\n<div id=\"article-ad\"><ins class=\"adsbygoogle c4\" data-ad-client=\"ca-pub-2102118777505746\" data-ad-slot=\"6513972734\" data-ad-format=\"auto\" data-full-width-responsive=\"true\"\/> <\/div>\n<\/div>\n<div id=\"post-sidebar-wrap\"><ins class=\"adsbygoogle c4\" data-ad-client=\"ca-pub-2102118777505746\" data-ad-slot=\"6168283410\" data-ad-format=\"auto\" data-full-width-responsive=\"true\"\/> <\/div>\n<p>Auteur: LM<br \/>\n<a href=\"https:\/\/www.tunisienumerique.com\/tunisie-journee-mondiale-de-la-femme-fakhfekh-au-chevet-de-radhia-nasraoui\/\">Cliquez ici pour lire l&rsquo;article depuis sa source.<\/a><\/p>\n","protected":false},"excerpt":{"rendered":"<p>Le chef du gouvernement, Elyes Fakhfekh, s\u2019est rendu ce soir, \u00e0 l\u2019occasion de la comm\u00e9moration de la journ\u00e9e mondiale de la femme, au chevet de Radhia Nasraoui, hospitalis\u00e9e. Fakhfekh \u00e9tait accompagn\u00e9 du ministre de la D\u00e9fense nationale, Imed Hazgui, de la ministre de la Femme, Asma Sehiri, et du ministre d\u00e9l\u00e9gu\u00e9 charg\u00e9 des droits de [&hellip;]<\/p>\n","protected":false},"author":1789,"featured_media":78517,"comment_status":"closed","ping_status":"closed","sticky":false,"template":"","format":"standard","meta":{"fifu_image_url":"","fifu_image_alt":"","footnotes":""},"categories":[73,55],"tags":[],"class_list":["post-78516","post","type-post","status-publish","format-standard","has-post-thumbnail","hentry","category-actualite","category-tunisie"],"_links":{"self":[{"href":"https:\/\/linitiative.ca\/International\/wp-json\/wp\/v2\/posts\/78516","targetHints":{"allow":["GET"]}}],"collection":[{"href":"https:\/\/linitiative.ca\/International\/wp-json\/wp\/v2\/posts"}],"about":[{"href":"https:\/\/linitiative.ca\/International\/wp-json\/wp\/v2\/types\/post"}],"author":[{"embeddable":true,"href":"https:\/\/linitiative.ca\/International\/wp-json\/wp\/v2\/users\/1789"}],"replies":[{"embeddable":true,"href":"https:\/\/linitiative.ca\/International\/wp-json\/wp\/v2\/comments?post=78516"}],"version-history":[{"count":0,"href":"https:\/\/linitiative.ca\/International\/wp-json\/wp\/v2\/posts\/78516\/revisions"}],"wp:featuredmedia":[{"embeddable":true,"href":"https:\/\/linitiative.ca\/International\/wp-json\/"}],"wp:attachment":[{"href":"https:\/\/linitiative.ca\/International\/wp-json\/wp\/v2\/media?parent=78516"}],"wp:term":[{"taxonomy":"category","embeddable":true,"href":"https:\/\/linitiative.ca\/International\/wp-json\/wp\/v2\/categories?post=78516"},{"taxonomy":"post_tag","embeddable":true,"href":"https:\/\/linitiative.ca\/International\/wp-json\/wp\/v2\/tags?post=78516"}],"curies":[{"name":"wp","href":"https:\/\/api.w.org\/{rel}","templated":true}]}}