{"id":78520,"date":"2020-03-08T15:56:19","date_gmt":"2020-03-08T19:56:19","guid":{"rendered":"https:\/\/linitiative.ca\/International\/tunisie-audio-le-deuxieme-cas-de-coronavirus-serait-un-patient-a-risque\/"},"modified":"2020-03-08T15:56:19","modified_gmt":"2020-03-08T19:56:19","slug":"tunisie-audio-le-deuxieme-cas-de-coronavirus-serait-un-patient-a-risque","status":"publish","type":"post","link":"https:\/\/linitiative.ca\/International\/tunisie-audio-le-deuxieme-cas-de-coronavirus-serait-un-patient-a-risque\/","title":{"rendered":"Tunisie \u2013 AUDIO : Le deuxi\u00e8me cas de coronavirus serait un patient \u00e0 risque"},"content":{"rendered":"<div class=\"post-cont-in left relative\">\n<p>Le patient tunisien qui a \u00e9t\u00e9 diagnostiqu\u00e9, ce dimanche, infect\u00e9 par le coronavirus, est un homme \u00e2g\u00e9 de 65 ans et souffrirait de diab\u00e8te, selon la directrice g\u00e9n\u00e9rale de l\u2019observatoire des maladies \u00e9mergentes.<\/p>\n<div class=\"code-block code-block-1 c3\"><ins class=\"adsbygoogle c2\" data-ad-layout=\"in-article\" data-ad-format=\"fluid\" data-ad-client=\"ca-pub-2102118777505746\" data-ad-slot=\"7301775417\"\/> <\/div>\n<p>Sachant que l\u2019\u00e2ge avanc\u00e9 et les maladies chroniques, \u00e0 type de cardiopathie, ou pneumopathie ou diab\u00e8te, sont des facteurs de risque ind\u00e9niables d\u2019aggravation de la maladie, ce deuxi\u00e8me malade, actuellement pris en charge dans un h\u00f4pital de Sousse, serait un patient \u00e0 risque\u00a0!<\/p>\n<p><a href=\"https:\/\/www.tunisienumerique.com\/wp-content\/uploads\/2020\/03\/Nissaf-Ben-Alaya.mp3\">https:\/\/www.tunisienumerique.com\/wp-content\/uploads\/2020\/03\/Nissaf-Ben-Alaya.mp3<\/a><\/p>\n<div class=\"swp_social_panel swp_horizontal_panel swp_flat_fresh swp_default_full_color swp_individual_full_color swp_other_full_color scale-100 scale-\" data-min-width=\"1100\" data-float-color=\"#ffffff\" data-float=\"bottom\" data-float-mobile=\"bottom\" data-transition=\"slide\">\n<div class=\"nc_tweetContainer swp_share_button total_shares total_sharesalt\"><span class=\"swp_count\">10 <span class=\"swp_label\">Partages<\/span><\/span><\/div>\n<\/div>\n<p><strong>Que se passe-t-il en Tunisie?<\/strong><br \/>Nous expliquons sur notre <a href=\"https:\/\/www.youtube.com\/channel\/UCRzypVq0B_yBad5eGrwBx0Q?sub_confirmation=1\" target=\"_blank\" rel=\"noopener noreferrer\">cha\u00eene YouTube<\/a> . <a href=\"https:\/\/www.youtube.com\/channel\/UCRzypVq0B_yBad5eGrwBx0Q?sub_confirmation=1\" target=\"_blank\" rel=\"noopener noreferrer\">Abonnez-vous!<\/a><\/p>\n<div class=\"mvp-org-wrap mvp-org-logo\" itemprop=\"publisher\" itemscope=\"\" itemtype=\"https:\/\/schema.org\/Organization\"><img decoding=\"async\" src=\"https:\/\/www.tunisienumerique.com\/wp-content\/uploads\/2017\/02\/logo_tunisie_numerique.png\"\/><\/div>\n<div class=\"mvp-related-posts left relative\">\n<h4 class=\"post-header\"><span class=\"post-header\">Lire aussi<\/span><\/h4>\n<\/div>\n<div id=\"article-ad\"><ins class=\"adsbygoogle c4\" data-ad-client=\"ca-pub-2102118777505746\" data-ad-slot=\"6513972734\" data-ad-format=\"auto\" data-full-width-responsive=\"true\"\/> <\/div>\n<\/div>\n<div id=\"post-sidebar-wrap\"><ins class=\"adsbygoogle c4\" data-ad-client=\"ca-pub-2102118777505746\" data-ad-slot=\"6168283410\" data-ad-format=\"auto\" data-full-width-responsive=\"true\"\/> <\/div>\n<p>Auteur: LM<br \/>\n<a href=\"https:\/\/www.tunisienumerique.com\/tunisie-audio-le-deuxieme-cas-de-coronavirus-serait-un-patient-a-risque\/\">Cliquez ici pour lire l&rsquo;article depuis sa source.<\/a><\/p>\n","protected":false},"excerpt":{"rendered":"<p>Le patient tunisien qui a \u00e9t\u00e9 diagnostiqu\u00e9, ce dimanche, infect\u00e9 par le coronavirus, est un homme \u00e2g\u00e9 de 65 ans et souffrirait de diab\u00e8te, selon la directrice g\u00e9n\u00e9rale de l\u2019observatoire des maladies \u00e9mergentes. Sachant que l\u2019\u00e2ge avanc\u00e9 et les maladies chroniques, \u00e0 type de cardiopathie, ou pneumopathie ou diab\u00e8te, sont des facteurs de risque ind\u00e9niables [&hellip;]<\/p>\n","protected":false},"author":1789,"featured_media":78521,"comment_status":"closed","ping_status":"closed","sticky":false,"template":"","format":"standard","meta":{"fifu_image_url":"","fifu_image_alt":"","footnotes":""},"categories":[73,55],"tags":[],"class_list":["post-78520","post","type-post","status-publish","format-standard","has-post-thumbnail","hentry","category-actualite","category-tunisie"],"_links":{"self":[{"href":"https:\/\/linitiative.ca\/International\/wp-json\/wp\/v2\/posts\/78520","targetHints":{"allow":["GET"]}}],"collection":[{"href":"https:\/\/linitiative.ca\/International\/wp-json\/wp\/v2\/posts"}],"about":[{"href":"https:\/\/linitiative.ca\/International\/wp-json\/wp\/v2\/types\/post"}],"author":[{"embeddable":true,"href":"https:\/\/linitiative.ca\/International\/wp-json\/wp\/v2\/users\/1789"}],"replies":[{"embeddable":true,"href":"https:\/\/linitiative.ca\/International\/wp-json\/wp\/v2\/comments?post=78520"}],"version-history":[{"count":0,"href":"https:\/\/linitiative.ca\/International\/wp-json\/wp\/v2\/posts\/78520\/revisions"}],"wp:featuredmedia":[{"embeddable":true,"href":"https:\/\/linitiative.ca\/International\/wp-json\/"}],"wp:attachment":[{"href":"https:\/\/linitiative.ca\/International\/wp-json\/wp\/v2\/media?parent=78520"}],"wp:term":[{"taxonomy":"category","embeddable":true,"href":"https:\/\/linitiative.ca\/International\/wp-json\/wp\/v2\/categories?post=78520"},{"taxonomy":"post_tag","embeddable":true,"href":"https:\/\/linitiative.ca\/International\/wp-json\/wp\/v2\/tags?post=78520"}],"curies":[{"name":"wp","href":"https:\/\/api.w.org\/{rel}","templated":true}]}}